{"id":10552,"date":"2025-08-08T09:46:33","date_gmt":"2025-08-08T12:46:33","guid":{"rendered":"https:\/\/vocesdellangueyu.com.ar\/?p=10552"},"modified":"2025-08-08T09:46:34","modified_gmt":"2025-08-08T12:46:34","slug":"daniel-arguello-nuestro-principal-objetivo-es-mejorar-la-salud-local","status":"publish","type":"post","link":"https:\/\/vocesdellangueyu.com.ar\/index.php\/2025\/08\/08\/daniel-arguello-nuestro-principal-objetivo-es-mejorar-la-salud-local\/","title":{"rendered":"Daniel Arguello: \u201cNuestro principal objetivo es mejorar la salud local\u201d"},"content":{"rendered":"\n<p>El m\u00e9dico y dirigente local Daniel Arguello encabeza la lista de Somos Buenos Aires en las pr\u00f3ximas elecciones, acompa\u00f1ado por un equipo que \u2014seg\u00fan afirma\u2014 busca aportar proyectos concretos para el desarrollo de Rauch, con especial foco en el \u00e1rea de salud.<\/p>\n\n\n\n<figure class=\"wp-block-image size-full is-resized\"><img loading=\"lazy\" decoding=\"async\" src=\"https:\/\/vocesdellangueyu.com.ar\/wp-content\/uploads\/2025\/08\/arguello.jpg\" alt=\"\" class=\"wp-image-10553\" width=\"481\" height=\"481\" srcset=\"https:\/\/vocesdellangueyu.com.ar\/wp-content\/uploads\/2025\/08\/arguello.jpg 368w, https:\/\/vocesdellangueyu.com.ar\/wp-content\/uploads\/2025\/08\/arguello-300x300.jpg 300w, https:\/\/vocesdellangueyu.com.ar\/wp-content\/uploads\/2025\/08\/arguello-150x150.jpg 150w\" sizes=\"auto, (max-width: 481px) 100vw, 481px\" \/><\/figure>\n\n\n\n<p>En di\u00e1logo telef\u00f3nico, Arguello asegur\u00f3 que su participaci\u00f3n responde a la intenci\u00f3n de llevar al Concejo Deliberante propuestas que fortalezcan los servicios sanitarios:<\/p>\n\n\n\n<blockquote class=\"wp-block-quote is-layout-flow wp-block-quote-is-layout-flow\"><p>\u201cQueremos trabajar sobre todo en salud. Es un tema esencial para la comunidad y, desde el Concejo, se pueden impulsar acciones concretas para mejorarla\u201d, afirm\u00f3.<\/p><p><\/p><\/blockquote>\n\n\n\n<p>Con a\u00f1os de experiencia en el \u00e1mbito m\u00e9dico, Arguello expres\u00f3 preocupaci\u00f3n por la falta de recambio generacional en el plantel profesional:<\/p>\n\n\n\n<blockquote class=\"wp-block-quote is-layout-flow wp-block-quote-is-layout-flow\"><p>\u201cSomos m\u00e9dicos grandes ya, y no hay renovaci\u00f3n. La mayor\u00eda de las guardias se cubren con profesionales de otras ciudades porque no logramos radicar m\u00e9dicos ac\u00e1. Los j\u00f3venes que se van a estudiar, en general, no regresan\u201d, explic\u00f3.<\/p><\/blockquote>\n\n\n\n<p>En cuanto a las recientes noticias sobre el Hospital Municipal, se\u00f1al\u00f3 que el respirador est\u00e1 en reparaci\u00f3n y que, mientras tanto, se utiliz\u00f3 un equipo prestado por una localidad vecina:<\/p>\n\n\n\n<blockquote class=\"wp-block-quote is-layout-flow wp-block-quote-is-layout-flow\"><p>\u201cEl respirador que tenemos es excelente, de fabricaci\u00f3n alemana, pero tiene m\u00e1s de 20 a\u00f1os y requiere service. Por eso recurrimos a un pr\u00e9stamo temporal\u201d, aclar\u00f3.<\/p><p><\/p><\/blockquote>\n\n\n\n<p>Consultado sobre su cambio de postura respecto a elecciones pasadas, cuando hab\u00eda apoyado la candidatura de Javier Milei, Arguello sostuvo que su mirada hoy est\u00e1 puesta en lo local y provincial:<\/p>\n\n\n\n<blockquote class=\"wp-block-quote is-layout-flow wp-block-quote-is-layout-flow\"><p>\u201cVamos a trabajar en temas concretos para Rauch y, a nivel provincial, ser\u00eda muy importante tener representaci\u00f3n legislativa\u201d, se\u00f1al\u00f3.<\/p><p><\/p><\/blockquote>\n\n\n\n<p>Como m\u00e9dico que trabaja con adultos mayores, reconoci\u00f3 que las jubilaciones \u201cnunca fueron buenas\u201d y que, con la inflaci\u00f3n actual, resulta dif\u00edcil cubrir necesidades b\u00e1sicas.<br>En materia agropecuaria, valor\u00f3 la mejora en el precio de la hacienda en pie, aunque advirti\u00f3 que las retenciones y la carga impositiva \u201csiguen siendo altas\u201d y que la situaci\u00f3n de la siembra enfrenta dificultades.<\/p>\n\n\n\n<p>Arguello describi\u00f3 una campa\u00f1a basada en reuniones con distintos sectores y \u00e1reas municipales para conocer problem\u00e1ticas y virtudes de la ciudad. Tambi\u00e9n destac\u00f3 la participaci\u00f3n de j\u00f3venes en el espacio pol\u00edtico, aunque reconoci\u00f3 que el compromiso en general es menor que en otras \u00e9pocas:<\/p>\n\n\n\n<blockquote class=\"wp-block-quote is-layout-flow wp-block-quote-is-layout-flow\"><p>\u201cMucha gente prefiere opinar por redes sociales antes que involucrarse directamente\u201d, reflexion\u00f3.<\/p><\/blockquote>\n\n\n\n<p>El candidato cerr\u00f3 la charla con optimismo respecto a la performance de Somos Buenos Aires:<\/p>\n\n\n\n<blockquote class=\"wp-block-quote is-layout-flow wp-block-quote-is-layout-flow\"><p>\u201cNos vemos bien posicionados. Estamos recorriendo, escuchando y sumando ideas para un Rauch mejor\u201d.<\/p><\/blockquote>\n","protected":false},"excerpt":{"rendered":"<p>El m\u00e9dico y dirigente local Daniel Arguello encabeza la lista de Somos Buenos Aires en las pr\u00f3ximas elecciones, acompa\u00f1ado por un equipo que \u2014seg\u00fan afirma\u2014 busca aportar proyectos concretos para el desarrollo de Rauch, con especial foco en el \u00e1rea de salud. En di\u00e1logo telef\u00f3nico, Arguello asegur\u00f3 que su participaci\u00f3n responde a la intenci\u00f3n de [&hellip;]<\/p>\n","protected":false},"author":7,"featured_media":0,"comment_status":"open","ping_status":"open","sticky":false,"template":"","format":"standard","meta":{"jetpack_post_was_ever_published":false,"_jetpack_newsletter_access":"","_jetpack_dont_email_post_to_subs":false,"_jetpack_newsletter_tier_id":0,"_jetpack_memberships_contains_paywalled_content":false,"_jetpack_memberships_contains_paid_content":false,"footnotes":"","jetpack_publicize_message":"","jetpack_publicize_feature_enabled":true,"jetpack_social_post_already_shared":true,"jetpack_social_options":{"image_generator_settings":{"template":"highway","default_image_id":0,"enabled":false},"version":2}},"categories":[1],"tags":[],"class_list":["post-10552","post","type-post","status-publish","format-standard","hentry","category-nacionales"],"jetpack_publicize_connections":[],"jetpack_featured_media_url":"","jetpack_sharing_enabled":true,"jetpack_shortlink":"https:\/\/wp.me\/paQJuC-2Kc","_links":{"self":[{"href":"https:\/\/vocesdellangueyu.com.ar\/index.php\/wp-json\/wp\/v2\/posts\/10552","targetHints":{"allow":["GET"]}}],"collection":[{"href":"https:\/\/vocesdellangueyu.com.ar\/index.php\/wp-json\/wp\/v2\/posts"}],"about":[{"href":"https:\/\/vocesdellangueyu.com.ar\/index.php\/wp-json\/wp\/v2\/types\/post"}],"author":[{"embeddable":true,"href":"https:\/\/vocesdellangueyu.com.ar\/index.php\/wp-json\/wp\/v2\/users\/7"}],"replies":[{"embeddable":true,"href":"https:\/\/vocesdellangueyu.com.ar\/index.php\/wp-json\/wp\/v2\/comments?post=10552"}],"version-history":[{"count":1,"href":"https:\/\/vocesdellangueyu.com.ar\/index.php\/wp-json\/wp\/v2\/posts\/10552\/revisions"}],"predecessor-version":[{"id":10554,"href":"https:\/\/vocesdellangueyu.com.ar\/index.php\/wp-json\/wp\/v2\/posts\/10552\/revisions\/10554"}],"wp:attachment":[{"href":"https:\/\/vocesdellangueyu.com.ar\/index.php\/wp-json\/wp\/v2\/media?parent=10552"}],"wp:term":[{"taxonomy":"category","embeddable":true,"href":"https:\/\/vocesdellangueyu.com.ar\/index.php\/wp-json\/wp\/v2\/categories?post=10552"},{"taxonomy":"post_tag","embeddable":true,"href":"https:\/\/vocesdellangueyu.com.ar\/index.php\/wp-json\/wp\/v2\/tags?post=10552"}],"curies":[{"name":"wp","href":"https:\/\/api.w.org\/{rel}","templated":true}]}}