{"id":11351,"date":"2026-03-11T09:14:58","date_gmt":"2026-03-11T12:14:58","guid":{"rendered":"https:\/\/vocesdellangueyu.com.ar\/?p=11351"},"modified":"2026-03-11T09:14:58","modified_gmt":"2026-03-11T12:14:58","slug":"tandil-incertidumbre-por-el-posible-cierre-de-la-sucursal-del-banco-hipotecario","status":"publish","type":"post","link":"https:\/\/vocesdellangueyu.com.ar\/index.php\/2026\/03\/11\/tandil-incertidumbre-por-el-posible-cierre-de-la-sucursal-del-banco-hipotecario\/","title":{"rendered":"Tandil: INCERTIDUMBRE POR EL POSIBLE CIERRE DE LA SUCURSAL DEL BANCO HIPOTECARIO."},"content":{"rendered":"\n<p>El posible cierre de la sucursal del Banco Hipotecario en la ciudad de Tandil genera preocupaci\u00f3n entre trabajadores y clientes. Desde el sindicato La Bancaria confirmaron que, pese a las negociaciones mantenidas con la entidad, la decisi\u00f3n de cerrar la sede local contin\u00faa en evaluaci\u00f3n y a\u00fan no tiene una fecha oficial.<\/p>\n\n\n\n<p>El titular de La Bancaria en Tandil, Juan Manuel Carri, dialog\u00f3 con Radio La Compa\u00f1\u00eda y explic\u00f3 que durante las \u00faltimas semanas el gremio mantuvo reuniones con autoridades del banco en Buenos Aires para intentar frenar el cierre.<\/p>\n\n\n\n<p>Seg\u00fan detall\u00f3, el sindicato realiz\u00f3 varios viajes a la capital para negociar alternativas que permitieran sostener la sucursal. Incluso, la entidad hab\u00eda enviado un representante para analizar el funcionamiento de la plaza financiera local.<\/p>\n\n\n\n<p>Carri asegur\u00f3 que la sede de Tandil se encontraba entre las m\u00e1s destacadas del pa\u00eds dentro de la estructura del Banco Hipotecario.<\/p>\n\n\n\n<p>\u201cEs una sucursal modelo. Est\u00e1 dentro del top ten de las m\u00e1s importantes del banco en Argentina y cuenta con empleadas reconocidas en banca pymes y minorista\u201d, afirm\u00f3.<\/p>\n\n\n\n<p>Por ese motivo, desde el gremio consideran dif\u00edcil justificar la decisi\u00f3n empresarial desde el punto de vista de la rentabilidad o del desempe\u00f1o de la sucursal.<\/p>\n\n\n\n<p>El eventual cierre impactar\u00eda directamente en seis trabajadores de la sucursal local. Seg\u00fan explic\u00f3 Carri, la propuesta del banco ser\u00eda reubicar al personal en otras sedes, aunque la m\u00e1s cercana se encuentra a unos 200 kil\u00f3metros, en la ciudad de Mar del Plata.<\/p>\n\n\n\n<p>Para el dirigente sindical, esa alternativa representa en la pr\u00e1ctica \u201cdespidos encubiertos\u201d.<\/p>\n\n\n\n<p>\u201cCuando te dicen que te reubican a 200 kil\u00f3metros, ten\u00e9s que dejar tu casa, tu familia y trasladar a tus hijos. En muchos casos eso es inviable\u201d, sostuvo.<\/p>\n\n\n\n<p>Desde La Bancaria informaron que el gremio a nivel nacional ya realiz\u00f3 una presentaci\u00f3n ante la Secretar\u00eda de Trabajo de la Naci\u00f3n para exponer la situaci\u00f3n de las sucursales que el banco analiza cerrar.<\/p>\n\n\n\n<p>El secretario general del sindicato, Sergio Palazzo, tambi\u00e9n se involucr\u00f3 en el reclamo y pidi\u00f3 revisar la medida para evitar la p\u00e9rdida de puestos laborales.<\/p>\n\n\n\n<p>Carri enmarc\u00f3 la situaci\u00f3n dentro de una crisis econ\u00f3mica m\u00e1s amplia que, seg\u00fan su visi\u00f3n, afecta tanto al consumo como a la actividad productiva.<\/p>\n\n\n\n<p>El dirigente se\u00f1al\u00f3 que, aunque la inflaci\u00f3n suele ser el indicador m\u00e1s visible, otros factores \u2014como el aumento del combustible o de los alimentos\u2014 impactan directamente en el poder de compra de las familias y en el funcionamiento de distintos sectores de la econom\u00eda.<\/p>\n\n\n\n<p>Mientras tanto, los trabajadores de la sucursal de Tandil contin\u00faan a la espera de una confirmaci\u00f3n oficial sobre el futuro de la sede.<\/p>\n\n\n\n<p>Desde el sindicato anticiparon que seguir\u00e1n las gestiones ante las autoridades del banco para intentar revertir la decisi\u00f3n o encontrar una alternativa que garantice la continuidad laboral de los empleados.<\/p>\n\n\n\n<p>\u201cHoy hay seis familias que est\u00e1n en vilo sin saber qu\u00e9 va a pasar con su futuro laboral\u201d, concluy\u00f3 Carri.<\/p>\n\n\n\n<figure class=\"wp-block-image size-full\"><img loading=\"lazy\" decoding=\"async\" width=\"1006\" height=\"566\" src=\"https:\/\/vocesdellangueyu.com.ar\/wp-content\/uploads\/2026\/03\/1740093445.jpeg\" alt=\"\" class=\"wp-image-11354\" srcset=\"https:\/\/vocesdellangueyu.com.ar\/wp-content\/uploads\/2026\/03\/1740093445.jpeg 1006w, https:\/\/vocesdellangueyu.com.ar\/wp-content\/uploads\/2026\/03\/1740093445-300x169.jpeg 300w, https:\/\/vocesdellangueyu.com.ar\/wp-content\/uploads\/2026\/03\/1740093445-768x432.jpeg 768w\" sizes=\"auto, (max-width: 1006px) 100vw, 1006px\" \/><\/figure>\n\n\n","protected":false},"excerpt":{"rendered":"<p>El posible cierre de la sucursal del Banco Hipotecario en la ciudad de Tandil genera preocupaci\u00f3n entre trabajadores y clientes. Desde el sindicato La Bancaria confirmaron que, pese a las negociaciones mantenidas con la entidad, la decisi\u00f3n de cerrar la sede local contin\u00faa en evaluaci\u00f3n y a\u00fan no tiene una fecha oficial. El titular de [&hellip;]<\/p>\n","protected":false},"author":7,"featured_media":11354,"comment_status":"open","ping_status":"open","sticky":false,"template":"","format":"standard","meta":{"jetpack_post_was_ever_published":false,"_jetpack_newsletter_access":"","_jetpack_dont_email_post_to_subs":false,"_jetpack_newsletter_tier_id":0,"_jetpack_memberships_contains_paywalled_content":false,"_jetpack_memberships_contains_paid_content":false,"footnotes":"","jetpack_publicize_message":"","jetpack_publicize_feature_enabled":true,"jetpack_social_post_already_shared":true,"jetpack_social_options":{"image_generator_settings":{"template":"highway","default_image_id":0,"enabled":false},"version":2}},"categories":[9,8],"tags":[],"class_list":["post-11351","post","type-post","status-publish","format-standard","has-post-thumbnail","hentry","category-sociedad-tandil","category-tandil"],"jetpack_publicize_connections":[],"jetpack_featured_media_url":"https:\/\/vocesdellangueyu.com.ar\/wp-content\/uploads\/2026\/03\/1740093445.jpeg","jetpack_sharing_enabled":true,"jetpack_shortlink":"https:\/\/wp.me\/paQJuC-2X5","_links":{"self":[{"href":"https:\/\/vocesdellangueyu.com.ar\/index.php\/wp-json\/wp\/v2\/posts\/11351","targetHints":{"allow":["GET"]}}],"collection":[{"href":"https:\/\/vocesdellangueyu.com.ar\/index.php\/wp-json\/wp\/v2\/posts"}],"about":[{"href":"https:\/\/vocesdellangueyu.com.ar\/index.php\/wp-json\/wp\/v2\/types\/post"}],"author":[{"embeddable":true,"href":"https:\/\/vocesdellangueyu.com.ar\/index.php\/wp-json\/wp\/v2\/users\/7"}],"replies":[{"embeddable":true,"href":"https:\/\/vocesdellangueyu.com.ar\/index.php\/wp-json\/wp\/v2\/comments?post=11351"}],"version-history":[{"count":2,"href":"https:\/\/vocesdellangueyu.com.ar\/index.php\/wp-json\/wp\/v2\/posts\/11351\/revisions"}],"predecessor-version":[{"id":11355,"href":"https:\/\/vocesdellangueyu.com.ar\/index.php\/wp-json\/wp\/v2\/posts\/11351\/revisions\/11355"}],"wp:featuredmedia":[{"embeddable":true,"href":"https:\/\/vocesdellangueyu.com.ar\/index.php\/wp-json\/wp\/v2\/media\/11354"}],"wp:attachment":[{"href":"https:\/\/vocesdellangueyu.com.ar\/index.php\/wp-json\/wp\/v2\/media?parent=11351"}],"wp:term":[{"taxonomy":"category","embeddable":true,"href":"https:\/\/vocesdellangueyu.com.ar\/index.php\/wp-json\/wp\/v2\/categories?post=11351"},{"taxonomy":"post_tag","embeddable":true,"href":"https:\/\/vocesdellangueyu.com.ar\/index.php\/wp-json\/wp\/v2\/tags?post=11351"}],"curies":[{"name":"wp","href":"https:\/\/api.w.org\/{rel}","templated":true}]}}