{"id":11357,"date":"2026-03-11T09:33:11","date_gmt":"2026-03-11T12:33:11","guid":{"rendered":"https:\/\/vocesdellangueyu.com.ar\/?p=11357"},"modified":"2026-03-11T09:33:29","modified_gmt":"2026-03-11T12:33:29","slug":"cerro-la-fabrica-de-fideos-italia-y-denunciaron-despidos-sin-indemnizacion","status":"publish","type":"post","link":"https:\/\/vocesdellangueyu.com.ar\/index.php\/2026\/03\/11\/cerro-la-fabrica-de-fideos-italia-y-denunciaron-despidos-sin-indemnizacion\/","title":{"rendered":"CERRO LA FABRICA DE FIDEOS ITALIA Y DENUNCIARON DESPIDOS SIN INDEMNIZACION."},"content":{"rendered":"\n<p>La ciudad de Tandil atraviesa otra situaci\u00f3n de preocupaci\u00f3n laboral tras el cierre de la tradicional f\u00e1brica de pastas Fideos Italia, una empresa con m\u00e1s de 25 a\u00f1os de trayectoria en la producci\u00f3n alimenticia local. Siete trabajadores fueron despedidos y, seg\u00fan denunciaron desde el sindicato del sector, hasta el momento no recibieron indemnizaci\u00f3n ni una propuesta concreta de pago.<\/p>\n\n\n\n<p><br>El delegado sindical Gustavo Scarpello, integrante del Sindicato Argentino de Trabajadores de la Industria Fideera y trabajador de la planta durante 27 a\u00f1os, explic\u00f3 que el cierre fue comunicado de manera repentina.<br>\u201cUn d\u00eda antes nos avis\u00f3 el due\u00f1o que la f\u00e1brica no iba a continuar y al d\u00eda siguiente nos llegaron los telegramas de despido a todos\u201d, relat\u00f3.<br><br>Seg\u00fan detall\u00f3 Scarpello, semanas antes de la decisi\u00f3n final los trabajadores comenzaron a notar movimientos que generaron sospechas sobre la continuidad de la empresa.<br>Entre las situaciones mencionadas, el delegado se\u00f1al\u00f3 que se daban indicaciones al \u00e1rea comercial para frenar las ventas o limitar la entrega de pedidos.<\/p>\n\n\n\n<p>\u201cHab\u00eda pedidos de 50 bultos y enviaban 30, dejando el resto guardado. Tambi\u00e9n le dec\u00edan al vendedor que no saliera a vender porque la semana anterior hab\u00eda vendido mucho\u201d, explic\u00f3.<br>Para los trabajadores, estas decisiones no coincid\u00edan con la realidad del negocio, ya que \u2014seg\u00fan afirmaron\u2014 las ventas se manten\u00edan en buen nivel.<br><br>Los telegramas de despido fueron enviados bajo el art\u00edculo 247 de la Ley de Contrato de Trabajo, que contempla despidos por fuerza mayor o falta de trabajo y habilita el pago de la mitad de la indemnizaci\u00f3n.<br>Sin embargo, desde el sindicato rechazan ese argumento.<br>\u201cTodos tenemos m\u00e1s de 20 a\u00f1os de antig\u00fcedad, algunos m\u00e1s de 30. Nosotros creemos que no es una crisis real sino una decisi\u00f3n premeditada para pagar menos\u201d, sostuvo Scarpello.<br>Adem\u00e1s, denunci\u00f3 que existir\u00edan deudas importantes en aportes gremiales, obra social y jubilatorios.<br><br>El conflicto ya tuvo dos audiencias en el \u00e1mbito laboral. En la primera, los propietarios plantearon la posibilidad de vender la f\u00e1brica para afrontar los pagos, aunque sin presentar avances concretos.<br>En la segunda reuni\u00f3n, realizada recientemente, los trabajadores se\u00f1alaron que la empresa adopt\u00f3 una postura pasiva.<br>\u201cNos dijeron que reci\u00e9n la semana pr\u00f3xima empezar\u00edan a tener charlas para vender la f\u00e1brica. Pero ya pas\u00f3 un mes de los despidos y no hay ninguna decisi\u00f3n concreta\u201d, afirm\u00f3 el delegado.<br><br>Scarpello tambi\u00e9n aclar\u00f3 que, a nivel nacional, la industria fideera no atraviesa una crisis generalizada.<br>Seg\u00fan indic\u00f3, en reuniones paritarias recientes del sector no se registraron situaciones similares en otras plantas del pa\u00eds.<br>\u201cEn nuestro rubro la alimentaci\u00f3n suele ser lo \u00faltimo que se resiente. No vemos una crisis real en el sector\u201d, explic\u00f3.<br><br>Ante la falta de avances, los trabajadores no descartan iniciar acciones judiciales para reclamar el pago completo de las indemnizaciones y las deudas laborales.<\/p>\n\n\n\n<p><br>Mientras tanto, los siete empleados despedidos permanecen sin ingresos y a la espera de una soluci\u00f3n.<br>\u201cSi en los pr\u00f3ximos d\u00edas no hay una decisi\u00f3n concreta, vamos a avanzar para que esta situaci\u00f3n se haga visible y reclamar lo que nos corresponde\u201d, concluy\u00f3 Scarpello.<\/p>\n\n\n\n<figure class=\"wp-block-image size-full\"><img loading=\"lazy\" decoding=\"async\" width=\"995\" height=\"559\" src=\"https:\/\/vocesdellangueyu.com.ar\/wp-content\/uploads\/2026\/03\/ITALIA.webp\" alt=\"\" class=\"wp-image-11359\" srcset=\"https:\/\/vocesdellangueyu.com.ar\/wp-content\/uploads\/2026\/03\/ITALIA.webp 995w, https:\/\/vocesdellangueyu.com.ar\/wp-content\/uploads\/2026\/03\/ITALIA-300x169.webp 300w, https:\/\/vocesdellangueyu.com.ar\/wp-content\/uploads\/2026\/03\/ITALIA-768x431.webp 768w\" sizes=\"auto, (max-width: 995px) 100vw, 995px\" \/><\/figure>\n","protected":false},"excerpt":{"rendered":"<p>La ciudad de Tandil atraviesa otra situaci\u00f3n de preocupaci\u00f3n laboral tras el cierre de la tradicional f\u00e1brica de pastas Fideos Italia, una empresa con m\u00e1s de 25 a\u00f1os de trayectoria en la producci\u00f3n alimenticia local. Siete trabajadores fueron despedidos y, seg\u00fan denunciaron desde el sindicato del sector, hasta el momento no recibieron indemnizaci\u00f3n ni una [&hellip;]<\/p>\n","protected":false},"author":7,"featured_media":11359,"comment_status":"open","ping_status":"open","sticky":false,"template":"","format":"standard","meta":{"jetpack_post_was_ever_published":false,"_jetpack_newsletter_access":"","_jetpack_dont_email_post_to_subs":false,"_jetpack_newsletter_tier_id":0,"_jetpack_memberships_contains_paywalled_content":false,"_jetpack_memberships_contains_paid_content":false,"footnotes":"","jetpack_publicize_message":"","jetpack_publicize_feature_enabled":true,"jetpack_social_post_already_shared":true,"jetpack_social_options":{"image_generator_settings":{"template":"highway","default_image_id":0,"enabled":false},"version":2}},"categories":[18,8],"tags":[],"class_list":["post-11357","post","type-post","status-publish","format-standard","has-post-thumbnail","hentry","category-politica-tandil","category-tandil"],"jetpack_publicize_connections":[],"jetpack_featured_media_url":"https:\/\/vocesdellangueyu.com.ar\/wp-content\/uploads\/2026\/03\/ITALIA.webp","jetpack_sharing_enabled":true,"jetpack_shortlink":"https:\/\/wp.me\/paQJuC-2Xb","_links":{"self":[{"href":"https:\/\/vocesdellangueyu.com.ar\/index.php\/wp-json\/wp\/v2\/posts\/11357","targetHints":{"allow":["GET"]}}],"collection":[{"href":"https:\/\/vocesdellangueyu.com.ar\/index.php\/wp-json\/wp\/v2\/posts"}],"about":[{"href":"https:\/\/vocesdellangueyu.com.ar\/index.php\/wp-json\/wp\/v2\/types\/post"}],"author":[{"embeddable":true,"href":"https:\/\/vocesdellangueyu.com.ar\/index.php\/wp-json\/wp\/v2\/users\/7"}],"replies":[{"embeddable":true,"href":"https:\/\/vocesdellangueyu.com.ar\/index.php\/wp-json\/wp\/v2\/comments?post=11357"}],"version-history":[{"count":2,"href":"https:\/\/vocesdellangueyu.com.ar\/index.php\/wp-json\/wp\/v2\/posts\/11357\/revisions"}],"predecessor-version":[{"id":11360,"href":"https:\/\/vocesdellangueyu.com.ar\/index.php\/wp-json\/wp\/v2\/posts\/11357\/revisions\/11360"}],"wp:featuredmedia":[{"embeddable":true,"href":"https:\/\/vocesdellangueyu.com.ar\/index.php\/wp-json\/wp\/v2\/media\/11359"}],"wp:attachment":[{"href":"https:\/\/vocesdellangueyu.com.ar\/index.php\/wp-json\/wp\/v2\/media?parent=11357"}],"wp:term":[{"taxonomy":"category","embeddable":true,"href":"https:\/\/vocesdellangueyu.com.ar\/index.php\/wp-json\/wp\/v2\/categories?post=11357"},{"taxonomy":"post_tag","embeddable":true,"href":"https:\/\/vocesdellangueyu.com.ar\/index.php\/wp-json\/wp\/v2\/tags?post=11357"}],"curies":[{"name":"wp","href":"https:\/\/api.w.org\/{rel}","templated":true}]}}