{"id":11372,"date":"2026-03-12T09:39:57","date_gmt":"2026-03-12T12:39:57","guid":{"rendered":"https:\/\/vocesdellangueyu.com.ar\/?p=11372"},"modified":"2026-03-17T10:18:26","modified_gmt":"2026-03-17T13:18:26","slug":"profundo-pesar-en-rauch-por-el-fallecimiento-de-carlos-carlitos-benitez","status":"publish","type":"post","link":"https:\/\/vocesdellangueyu.com.ar\/index.php\/2026\/03\/12\/profundo-pesar-en-rauch-por-el-fallecimiento-de-carlos-carlitos-benitez\/","title":{"rendered":"Profundo pesar en Rauch por el fallecimiento de Carlos \u201cCarlitos\u201d Ben\u00edtez"},"content":{"rendered":"\n<p>La comunidad de Rauch atraviesa horas de profundo pesar tras conocerse el fallecimiento de Carlos \u201cCarlitos\u201d Ben\u00edtez, quien muri\u00f3 el mi\u00e9rcoles 11 de marzo a los 56 a\u00f1os luego de atravesar una enfermedad que afect\u00f3 su salud en los \u00faltimos d\u00edas.<\/p>\n\n\n\n<p>Ben\u00edtez era una persona muy querida y estrechamente vinculada a la vida cotidiana del Club Atl\u00e9tico San Lorenzo de Rauch, instituci\u00f3n en la que dej\u00f3 una huella marcada por su permanente compromiso, su solidaridad y su esp\u00edritu colaborador.<\/p>\n\n\n\n<p>La triste noticia gener\u00f3 un fuerte impacto entre vecinos, amigos e integrantes del club, quienes lo recuerdan como una figura siempre presente dentro de la familia azulgrana.<\/p>\n\n\n\n<p>Desde la instituci\u00f3n expresaron su dolor a trav\u00e9s de un sentido mensaje en redes sociales.<br>\u201cCon profundo dolor, toda la comunidad de San Lorenzo lamenta el fallecimiento de Carlitos Ben\u00edtez, una gran persona con ra\u00edces entra\u00f1ables en nuestro club\u201d, se\u00f1alaron.<\/p>\n\n\n\n<p>En el mismo mensaje destacaron su calidad humana y el cari\u00f1o que supo ganarse a lo largo de los a\u00f1os. \u201cCarlitos fue siempre alegr\u00eda, siempre una sonrisa. Siempre dispuesto a colaborar, a ayudar, a estar presente tanto en el club como con sus seres queridos. Su generosidad y compromiso lo hicieron parte esencial de nuestra historia cotidiana\u201d.<\/p>\n\n\n\n<p>Carpintero de oficio, Ben\u00edtez tuvo desde siempre una fuerte pasi\u00f3n por el deporte, en especial por el f\u00fatbol. Durante su juventud comparti\u00f3 esa pasi\u00f3n junto a sus hermanos Pedro y Antonio en San Lorenzo, y con el paso del tiempo acompa\u00f1\u00f3 con entusiasmo el crecimiento deportivo de sus hijos Lucas y Mat\u00edas, siempre junto a su esposa Gabriela.<\/p>\n\n\n\n<p>Durante los \u00faltimos d\u00edas hab\u00eda dado una intensa lucha por su salud, mientras vecinos, amigos e integrantes de distintas instituciones acompa\u00f1aban con mensajes de aliento y cadenas de oraci\u00f3n.<\/p>\n\n\n\n<p>La repercusi\u00f3n de su fallecimiento tambi\u00e9n se reflej\u00f3 en otras entidades deportivas de la ciudad. Desde el Club Botafogo de Rauch manifestaron su dolor con un mensaje en el que se\u00f1alaron: \u201cHoy el Bota est\u00e1 de luto. Se nos fue Carlitos, un miembro de lo m\u00e1s importante que tiene el club, nuestra hinchada. Se te va a extra\u00f1ar los domingos\u201d.<\/p>\n\n\n\n<p>Su partida deja un profundo vac\u00edo en la vida institucional del deporte local y en la comunidad de Rauch, donde era ampliamente reconocido por su esp\u00edritu solidario y su permanente disposici\u00f3n para dar una mano.<\/p>\n\n\n\n<p>Familiares, amigos y vecinos expresaron su pesar por la p\u00e9rdida, acompa\u00f1ando especialmente a su esposa Gabriela, a sus hijos Lucas y Mat\u00edas, a su padre, hermanos y a toda su numerosa familia.<\/p>\n\n\n\n<p>Las m\u00faltiples expresiones de afecto reflejan con claridad que el paso de Carlos \u201cCarlitos\u201d Ben\u00edtez por la vida dej\u00f3 una huella profunda e imborrable en quienes tuvieron la oportunidad de conocerlo.<\/p>\n\n\n\n<figure class=\"wp-block-image size-large\"><img loading=\"lazy\" decoding=\"async\" width=\"819\" height=\"1024\" src=\"https:\/\/vocesdellangueyu.com.ar\/wp-content\/uploads\/2026\/03\/Diseno-sin-titulo-1-819x1024.png\" alt=\"\" class=\"wp-image-11373\" srcset=\"https:\/\/vocesdellangueyu.com.ar\/wp-content\/uploads\/2026\/03\/Diseno-sin-titulo-1-819x1024.png 819w, https:\/\/vocesdellangueyu.com.ar\/wp-content\/uploads\/2026\/03\/Diseno-sin-titulo-1-240x300.png 240w, https:\/\/vocesdellangueyu.com.ar\/wp-content\/uploads\/2026\/03\/Diseno-sin-titulo-1-768x960.png 768w, https:\/\/vocesdellangueyu.com.ar\/wp-content\/uploads\/2026\/03\/Diseno-sin-titulo-1.png 1080w\" sizes=\"auto, (max-width: 819px) 100vw, 819px\" \/><\/figure>\n","protected":false},"excerpt":{"rendered":"<p>La comunidad de Rauch atraviesa horas de profundo pesar tras conocerse el fallecimiento de Carlos \u201cCarlitos\u201d Ben\u00edtez, quien muri\u00f3 el mi\u00e9rcoles 11 de marzo a los 56 a\u00f1os luego de atravesar una enfermedad que afect\u00f3 su salud en los \u00faltimos d\u00edas. Ben\u00edtez era una persona muy querida y estrechamente vinculada a la vida cotidiana del [&hellip;]<\/p>\n","protected":false},"author":7,"featured_media":11373,"comment_status":"open","ping_status":"open","sticky":false,"template":"","format":"standard","meta":{"jetpack_post_was_ever_published":false,"_jetpack_newsletter_access":"","_jetpack_dont_email_post_to_subs":false,"_jetpack_newsletter_tier_id":0,"_jetpack_memberships_contains_paywalled_content":false,"_jetpack_memberships_contains_paid_content":false,"footnotes":"","jetpack_publicize_message":"","jetpack_publicize_feature_enabled":true,"jetpack_social_post_already_shared":true,"jetpack_social_options":{"image_generator_settings":{"template":"highway","default_image_id":0,"enabled":false},"version":2}},"categories":[11,13],"tags":[],"class_list":["post-11372","post","type-post","status-publish","format-standard","has-post-thumbnail","hentry","category-rauch","category-sociedad-rauch"],"jetpack_publicize_connections":[],"jetpack_featured_media_url":"https:\/\/vocesdellangueyu.com.ar\/wp-content\/uploads\/2026\/03\/Diseno-sin-titulo-1.png","jetpack_sharing_enabled":true,"jetpack_shortlink":"https:\/\/wp.me\/paQJuC-2Xq","_links":{"self":[{"href":"https:\/\/vocesdellangueyu.com.ar\/index.php\/wp-json\/wp\/v2\/posts\/11372","targetHints":{"allow":["GET"]}}],"collection":[{"href":"https:\/\/vocesdellangueyu.com.ar\/index.php\/wp-json\/wp\/v2\/posts"}],"about":[{"href":"https:\/\/vocesdellangueyu.com.ar\/index.php\/wp-json\/wp\/v2\/types\/post"}],"author":[{"embeddable":true,"href":"https:\/\/vocesdellangueyu.com.ar\/index.php\/wp-json\/wp\/v2\/users\/7"}],"replies":[{"embeddable":true,"href":"https:\/\/vocesdellangueyu.com.ar\/index.php\/wp-json\/wp\/v2\/comments?post=11372"}],"version-history":[{"count":1,"href":"https:\/\/vocesdellangueyu.com.ar\/index.php\/wp-json\/wp\/v2\/posts\/11372\/revisions"}],"predecessor-version":[{"id":11374,"href":"https:\/\/vocesdellangueyu.com.ar\/index.php\/wp-json\/wp\/v2\/posts\/11372\/revisions\/11374"}],"wp:featuredmedia":[{"embeddable":true,"href":"https:\/\/vocesdellangueyu.com.ar\/index.php\/wp-json\/wp\/v2\/media\/11373"}],"wp:attachment":[{"href":"https:\/\/vocesdellangueyu.com.ar\/index.php\/wp-json\/wp\/v2\/media?parent=11372"}],"wp:term":[{"taxonomy":"category","embeddable":true,"href":"https:\/\/vocesdellangueyu.com.ar\/index.php\/wp-json\/wp\/v2\/categories?post=11372"},{"taxonomy":"post_tag","embeddable":true,"href":"https:\/\/vocesdellangueyu.com.ar\/index.php\/wp-json\/wp\/v2\/tags?post=11372"}],"curies":[{"name":"wp","href":"https:\/\/api.w.org\/{rel}","templated":true}]}}