{"id":11377,"date":"2026-03-13T10:32:21","date_gmt":"2026-03-13T13:32:21","guid":{"rendered":"https:\/\/vocesdellangueyu.com.ar\/?p=11377"},"modified":"2026-03-17T10:19:06","modified_gmt":"2026-03-17T13:19:06","slug":"el-diagnostico-es-apropiado-pero-falto-profundidad-senalo-berlari-sobre-el-discurso-del-intendente","status":"publish","type":"post","link":"https:\/\/vocesdellangueyu.com.ar\/index.php\/2026\/03\/13\/el-diagnostico-es-apropiado-pero-falto-profundidad-senalo-berlari-sobre-el-discurso-del-intendente\/","title":{"rendered":"\u201cEl diagn\u00f3stico es apropiado, pero falt\u00f3 profundidad\u201d, se\u00f1al\u00f3 Berlari sobre el discurso del intendente."},"content":{"rendered":"\n<p>La concejala de Agustina Berlari, integrante del bloque de Fuerza Patria, se refiri\u00f3 a las repercusiones que dej\u00f3 el discurso del intendente Maximiliano Suescun durante la apertura de las sesiones ordinarias del Concejo Deliberante, realizada el pasado lunes.<\/p>\n\n\n\n<p><br>En di\u00e1logo radial, la edil repas\u00f3 los principales puntos del mensaje del jefe comunal y expuso la mirada del bloque opositor sobre el escenario pol\u00edtico, econ\u00f3mico y social del distrito.<\/p>\n\n\n\n<p><br>Berlari se\u00f1al\u00f3 que, dentro del an\u00e1lisis realizado por el bloque, hubo coincidencias con algunos de los conceptos planteados por el intendente, especialmente en relaci\u00f3n a la necesidad de sostener una pol\u00edtica basada en el consenso y la coordinaci\u00f3n institucional.<\/p>\n\n\n\n<p><br>\u201cComo bloque coincidimos en varias cuestiones que nombr\u00f3 el intendente, principalmente en hacer una pol\u00edtica coordinada y consensuada. Este a\u00f1o va a ser clave para el trabajo legislativo, m\u00e1s a\u00fan teniendo en cuenta que hoy la oposici\u00f3n es mayor\u00eda\u201d, expres\u00f3.<\/p>\n\n\n\n<p><br>En ese sentido, remarc\u00f3 la responsabilidad que implica la toma de decisiones en el Concejo Deliberante y el compromiso de trabajar pensando en los vecinos de Rauch.<br><br>Respecto al diagn\u00f3stico realizado por el intendente sobre la situaci\u00f3n econ\u00f3mica a nivel nacional, provincial y local, la concejala consider\u00f3 que el an\u00e1lisis fue correcto, aunque opin\u00f3 que falt\u00f3 mayor profundidad.<\/p>\n\n\n\n<p><br>\u201cSi bien el diagn\u00f3stico es apropiado, quiz\u00e1s hubiese estado bueno profundizar un poco m\u00e1s ese an\u00e1lisis\u201d, indic\u00f3.<\/p>\n\n\n\n<p><br>Tambi\u00e9n se refiri\u00f3 al debate sobre las tasas municipales. En este punto, afirm\u00f3 que el bloque se encuentra m\u00e1s cerca de la postura del intendente que de la de otros sectores pol\u00edticos, aunque record\u00f3 que desde Fuerza Patria ya hab\u00edan advertido sobre el impacto que pod\u00eda generar el aumento.<\/p>\n\n\n\n<p><br>\u201cNosotros planteamos en el debate del presupuesto y de la ordenanza impositiva que, si hay una baja en el pago de las tasas, tambi\u00e9n deber\u00edan dejar de subir al nivel que lo est\u00e1n haciendo\u201d, sostuvo.<\/p>\n\n\n\n<p><br>Durante la entrevista, Berlari tambi\u00e9n mencion\u00f3 algunos anuncios realizados en el discurso, entre ellos el proyecto vinculado al frigor\u00edfico y la creaci\u00f3n de un espacio para abordar la problem\u00e1tica de las adicciones en la ciudad.<\/p>\n\n\n\n<p><br>Sobre este \u00faltimo punto, destac\u00f3 la importancia del trabajo con instituciones y organizaciones comunitarias, aunque consider\u00f3 que se necesitan pol\u00edticas p\u00fablicas m\u00e1s amplias.<\/p>\n\n\n\n<p><br>\u201cEst\u00e1 bien reconocer el rol social que tienen las iglesias, especialmente las evang\u00e9licas, en la contenci\u00f3n. Pero no es el \u00fanico camino; ah\u00ed falta un desarrollo de pol\u00edticas p\u00fablicas m\u00e1s profundo\u201d, afirm\u00f3.<\/p>\n\n\n\n<p><br>Por otra parte, cuestion\u00f3 que durante el discurso no se haya mencionado con mayor claridad el aporte de la Provincia en la ejecuci\u00f3n de algunas obras.<\/p>\n\n\n\n<p><br>\u201cHay una tendencia a no reconocer ese trabajo y esa gesti\u00f3n provincial, cuando en realidad gran parte de algunas obras se hicieron con financiamiento de la Provincia\u201d, se\u00f1al\u00f3.<br><br>Finalmente, la concejala se refiri\u00f3 al planteo del intendente sobre la necesidad de mantener el di\u00e1logo con un Concejo Deliberante que ahora cuenta con mayor\u00eda opositora.<\/p>\n\n\n\n<p><br>Berlari asegur\u00f3 que desde Fuerza Patria seguir\u00e1n apostando al di\u00e1logo institucional, aunque reconoci\u00f3 que ser\u00e1 un desaf\u00edo.<\/p>\n\n\n\n<p><br>\u201cVamos a seguir apostando a ese camino porque entendemos que es lo que necesita el pueblo. Aunque no sea el camino m\u00e1s c\u00f3modo, vamos a elegir el del di\u00e1logo y la coherencia\u201d, concluy\u00f3.<\/p>\n\n\n\n<p><br>De esta manera, desde el bloque opositor anticipan que el a\u00f1o legislativo estar\u00e1 marcado por debates intensos, pero tambi\u00e9n por la b\u00fasqueda de consensos en temas clave para la comunidad de Rauch.<\/p>\n\n\n\n<figure class=\"wp-block-image size-large\"><img loading=\"lazy\" decoding=\"async\" width=\"1024\" height=\"576\" src=\"https:\/\/vocesdellangueyu.com.ar\/wp-content\/uploads\/2026\/03\/1000294621-1024x576.png\" alt=\"\" class=\"wp-image-11378\" srcset=\"https:\/\/vocesdellangueyu.com.ar\/wp-content\/uploads\/2026\/03\/1000294621-1024x576.png 1024w, https:\/\/vocesdellangueyu.com.ar\/wp-content\/uploads\/2026\/03\/1000294621-300x169.png 300w, https:\/\/vocesdellangueyu.com.ar\/wp-content\/uploads\/2026\/03\/1000294621-768x432.png 768w, https:\/\/vocesdellangueyu.com.ar\/wp-content\/uploads\/2026\/03\/1000294621.png 1366w\" sizes=\"auto, (max-width: 1024px) 100vw, 1024px\" \/><\/figure>\n","protected":false},"excerpt":{"rendered":"<p>La concejala de Agustina Berlari, integrante del bloque de Fuerza Patria, se refiri\u00f3 a las repercusiones que dej\u00f3 el discurso del intendente Maximiliano Suescun durante la apertura de las sesiones ordinarias del Concejo Deliberante, realizada el pasado lunes. En di\u00e1logo radial, la edil repas\u00f3 los principales puntos del mensaje del jefe comunal y expuso la [&hellip;]<\/p>\n","protected":false},"author":7,"featured_media":11378,"comment_status":"open","ping_status":"open","sticky":false,"template":"","format":"standard","meta":{"jetpack_post_was_ever_published":false,"_jetpack_newsletter_access":"","_jetpack_dont_email_post_to_subs":false,"_jetpack_newsletter_tier_id":0,"_jetpack_memberships_contains_paywalled_content":false,"_jetpack_memberships_contains_paid_content":false,"footnotes":"","jetpack_publicize_message":"","jetpack_publicize_feature_enabled":true,"jetpack_social_post_already_shared":true,"jetpack_social_options":{"image_generator_settings":{"template":"highway","default_image_id":0,"enabled":false},"version":2}},"categories":[17,11],"tags":[],"class_list":["post-11377","post","type-post","status-publish","format-standard","has-post-thumbnail","hentry","category-politica-rauch","category-rauch"],"jetpack_publicize_connections":[],"jetpack_featured_media_url":"https:\/\/vocesdellangueyu.com.ar\/wp-content\/uploads\/2026\/03\/1000294621.png","jetpack_sharing_enabled":true,"jetpack_shortlink":"https:\/\/wp.me\/paQJuC-2Xv","_links":{"self":[{"href":"https:\/\/vocesdellangueyu.com.ar\/index.php\/wp-json\/wp\/v2\/posts\/11377","targetHints":{"allow":["GET"]}}],"collection":[{"href":"https:\/\/vocesdellangueyu.com.ar\/index.php\/wp-json\/wp\/v2\/posts"}],"about":[{"href":"https:\/\/vocesdellangueyu.com.ar\/index.php\/wp-json\/wp\/v2\/types\/post"}],"author":[{"embeddable":true,"href":"https:\/\/vocesdellangueyu.com.ar\/index.php\/wp-json\/wp\/v2\/users\/7"}],"replies":[{"embeddable":true,"href":"https:\/\/vocesdellangueyu.com.ar\/index.php\/wp-json\/wp\/v2\/comments?post=11377"}],"version-history":[{"count":1,"href":"https:\/\/vocesdellangueyu.com.ar\/index.php\/wp-json\/wp\/v2\/posts\/11377\/revisions"}],"predecessor-version":[{"id":11379,"href":"https:\/\/vocesdellangueyu.com.ar\/index.php\/wp-json\/wp\/v2\/posts\/11377\/revisions\/11379"}],"wp:featuredmedia":[{"embeddable":true,"href":"https:\/\/vocesdellangueyu.com.ar\/index.php\/wp-json\/wp\/v2\/media\/11378"}],"wp:attachment":[{"href":"https:\/\/vocesdellangueyu.com.ar\/index.php\/wp-json\/wp\/v2\/media?parent=11377"}],"wp:term":[{"taxonomy":"category","embeddable":true,"href":"https:\/\/vocesdellangueyu.com.ar\/index.php\/wp-json\/wp\/v2\/categories?post=11377"},{"taxonomy":"post_tag","embeddable":true,"href":"https:\/\/vocesdellangueyu.com.ar\/index.php\/wp-json\/wp\/v2\/tags?post=11377"}],"curies":[{"name":"wp","href":"https:\/\/api.w.org\/{rel}","templated":true}]}}