{"id":11382,"date":"2026-03-17T10:26:18","date_gmt":"2026-03-17T13:26:18","guid":{"rendered":"https:\/\/vocesdellangueyu.com.ar\/?p=11382"},"modified":"2026-03-19T10:07:13","modified_gmt":"2026-03-19T13:07:13","slug":"el-cef-n11-amplia-su-propuesta-deportiva-para-todas-las-edades-en-rauch","status":"publish","type":"post","link":"https:\/\/vocesdellangueyu.com.ar\/index.php\/2026\/03\/17\/el-cef-n11-amplia-su-propuesta-deportiva-para-todas-las-edades-en-rauch\/","title":{"rendered":"EL CEF N\u00b011 AMPLIA SU PROPUESTA DEPORTIVA PARA TODAS LAS EDADES EN RAUCH."},"content":{"rendered":"\n<p>Con actividades gratuitas durante todo el a\u00f1o, el Centro de Educaci\u00f3n F\u00edsica ofrece una amplia variedad de disciplinas que abarcan desde nivel inicial hasta adultos mayores.<\/p>\n\n\n\n<p>El director del Centro de Educaci\u00f3n F\u00edsica (CEF), Mart\u00edn Carberol, brind\u00f3 detalles sobre el inicio de actividades y las propuestas deportivas disponibles para este a\u00f1o, destacando el crecimiento sostenido de la matr\u00edcula y la diversidad de opciones para la comunidad.<\/p>\n\n\n\n<p>\u201cHemos arrancado el a\u00f1o bien, de a poquito. La matr\u00edcula va creciendo como siempre\u201d, se\u00f1al\u00f3 Carberol, quien explic\u00f3 que el movimiento en la instituci\u00f3n se mantiene durante todo el a\u00f1o, incluso en verano, cuando contin\u00faan algunas actividades con alta participaci\u00f3n.<\/p>\n\n\n\n<p>En ese sentido, remarc\u00f3 que durante enero y febrero se sostuvieron propuestas con gran convocatoria, como f\u00fatbol, gimnasia para adultos y actividades para adolescentes. Con el inicio del ciclo lectivo, el CEF ampl\u00eda su oferta incorporando m\u00e1s disciplinas para todas las edades.<\/p>\n\n\n\n<p>El abanico de actividades incluye desde educaci\u00f3n f\u00edsica infantil (SEFI) en horario matutino, hasta disciplinas para adolescentes, adultos y adultos mayores en distintos turnos.<\/p>\n\n\n\n<p>\u201cLa propuesta arranca desde los m\u00e1s chiquitos hasta adultos mayores. Tenemos actividades durante la ma\u00f1ana y tambi\u00e9n en horario nocturno para adultos\u201d, explic\u00f3.<\/p>\n\n\n\n<p>Adem\u00e1s, el CEF articula con otras instituciones mediante convenios que permiten extender las actividades a distintos puntos de la ciudad y localidades cercanas. Entre ellas, se destacan propuestas en Miranda y Miramar, as\u00ed como pr\u00e1cticas acu\u00e1ticas y talleres deportivos en conjunto con otras entidades educativas.<\/p>\n\n\n\n<p>Uno de los aspectos m\u00e1s valorados de la instituci\u00f3n es que todas las actividades son libres y gratuitas.<\/p>\n\n\n\n<p>\u201cSon actividades gratuitas durante todo el a\u00f1o. El alumno se matricula y puede asistir en cualquier momento, incluso si interrumpe y retoma m\u00e1s adelante\u201d, indic\u00f3 Carberol.<\/p>\n\n\n\n<p>En paralelo, funciona una cooperadora con una contribuci\u00f3n voluntaria m\u00ednima, destinada a la compra de materiales deportivos y mejoras edilicias.<\/p>\n\n\n\n<p>Durante el a\u00f1o pasado, el CEF alcanz\u00f3 una matr\u00edcula cercana a los 990 estudiantes, y el objetivo para este ciclo es mantener o superar ese n\u00famero.<\/p>\n\n\n\n<p>\u201cLa idea es alcanzar al menos la matr\u00edcula del a\u00f1o pasado. Buscamos que cada propuesta responda a lo que la comunidad necesita\u201d, afirm\u00f3.<\/p>\n\n\n\n<p>Asimismo, destac\u00f3 la flexibilidad de la instituci\u00f3n para adaptar horarios o actividades en funci\u00f3n de la demanda.<\/p>\n\n\n\n<p>Las inscripciones permanecen abiertas durante todo el a\u00f1o. Los interesados pueden acercarse al CEF de 8 a 21 horas, donde recibir\u00e1n asesoramiento sobre las propuestas y deber\u00e1n completar una planilla junto con la documentaci\u00f3n requerida.<\/p>\n\n\n\n<p>Por \u00faltimo, Carberol invit\u00f3 a toda la comunidad a sumarse a las actividades, destacando el enfoque inclusivo y recreativo de las propuestas.<\/p>\n\n\n\n<p>\u201cTrabajamos de manera l\u00fadica, no hay alta competencia. Cualquier persona puede participar sin dificultad. Invitamos a ni\u00f1os, adolescentes, adultos y adultos mayores a que se acerquen\u201d, concluy\u00f3.<\/p>\n\n\n\n<figure class=\"wp-block-image size-large\"><img loading=\"lazy\" decoding=\"async\" width=\"1024\" height=\"683\" src=\"https:\/\/vocesdellangueyu.com.ar\/wp-content\/uploads\/2026\/03\/476846555_1125935479329220_8157467098509473122_n-1024x683.jpg\" alt=\"\" class=\"wp-image-11384\" srcset=\"https:\/\/vocesdellangueyu.com.ar\/wp-content\/uploads\/2026\/03\/476846555_1125935479329220_8157467098509473122_n-1024x683.jpg 1024w, https:\/\/vocesdellangueyu.com.ar\/wp-content\/uploads\/2026\/03\/476846555_1125935479329220_8157467098509473122_n-300x200.jpg 300w, https:\/\/vocesdellangueyu.com.ar\/wp-content\/uploads\/2026\/03\/476846555_1125935479329220_8157467098509473122_n-768x512.jpg 768w, https:\/\/vocesdellangueyu.com.ar\/wp-content\/uploads\/2026\/03\/476846555_1125935479329220_8157467098509473122_n.jpg 1350w\" sizes=\"auto, (max-width: 1024px) 100vw, 1024px\" \/><\/figure>\n","protected":false},"excerpt":{"rendered":"<p>Con actividades gratuitas durante todo el a\u00f1o, el Centro de Educaci\u00f3n F\u00edsica ofrece una amplia variedad de disciplinas que abarcan desde nivel inicial hasta adultos mayores. El director del Centro de Educaci\u00f3n F\u00edsica (CEF), Mart\u00edn Carberol, brind\u00f3 detalles sobre el inicio de actividades y las propuestas deportivas disponibles para este a\u00f1o, destacando el crecimiento sostenido [&hellip;]<\/p>\n","protected":false},"author":7,"featured_media":11384,"comment_status":"open","ping_status":"open","sticky":false,"template":"","format":"standard","meta":{"jetpack_post_was_ever_published":false,"_jetpack_newsletter_access":"","_jetpack_dont_email_post_to_subs":false,"_jetpack_newsletter_tier_id":0,"_jetpack_memberships_contains_paywalled_content":false,"_jetpack_memberships_contains_paid_content":false,"footnotes":"","jetpack_publicize_message":"","jetpack_publicize_feature_enabled":true,"jetpack_social_post_already_shared":true,"jetpack_social_options":{"image_generator_settings":{"template":"highway","default_image_id":0,"enabled":false},"version":2}},"categories":[12,11],"tags":[],"class_list":["post-11382","post","type-post","status-publish","format-standard","has-post-thumbnail","hentry","category-deportes-rauch","category-rauch"],"jetpack_publicize_connections":[],"jetpack_featured_media_url":"https:\/\/vocesdellangueyu.com.ar\/wp-content\/uploads\/2026\/03\/476846555_1125935479329220_8157467098509473122_n.jpg","jetpack_sharing_enabled":true,"jetpack_shortlink":"https:\/\/wp.me\/paQJuC-2XA","_links":{"self":[{"href":"https:\/\/vocesdellangueyu.com.ar\/index.php\/wp-json\/wp\/v2\/posts\/11382","targetHints":{"allow":["GET"]}}],"collection":[{"href":"https:\/\/vocesdellangueyu.com.ar\/index.php\/wp-json\/wp\/v2\/posts"}],"about":[{"href":"https:\/\/vocesdellangueyu.com.ar\/index.php\/wp-json\/wp\/v2\/types\/post"}],"author":[{"embeddable":true,"href":"https:\/\/vocesdellangueyu.com.ar\/index.php\/wp-json\/wp\/v2\/users\/7"}],"replies":[{"embeddable":true,"href":"https:\/\/vocesdellangueyu.com.ar\/index.php\/wp-json\/wp\/v2\/comments?post=11382"}],"version-history":[{"count":2,"href":"https:\/\/vocesdellangueyu.com.ar\/index.php\/wp-json\/wp\/v2\/posts\/11382\/revisions"}],"predecessor-version":[{"id":11385,"href":"https:\/\/vocesdellangueyu.com.ar\/index.php\/wp-json\/wp\/v2\/posts\/11382\/revisions\/11385"}],"wp:featuredmedia":[{"embeddable":true,"href":"https:\/\/vocesdellangueyu.com.ar\/index.php\/wp-json\/wp\/v2\/media\/11384"}],"wp:attachment":[{"href":"https:\/\/vocesdellangueyu.com.ar\/index.php\/wp-json\/wp\/v2\/media?parent=11382"}],"wp:term":[{"taxonomy":"category","embeddable":true,"href":"https:\/\/vocesdellangueyu.com.ar\/index.php\/wp-json\/wp\/v2\/categories?post=11382"},{"taxonomy":"post_tag","embeddable":true,"href":"https:\/\/vocesdellangueyu.com.ar\/index.php\/wp-json\/wp\/v2\/tags?post=11382"}],"curies":[{"name":"wp","href":"https:\/\/api.w.org\/{rel}","templated":true}]}}