{"id":11422,"date":"2026-04-28T11:38:54","date_gmt":"2026-04-28T14:38:54","guid":{"rendered":"https:\/\/vocesdellangueyu.com.ar\/?p=11422"},"modified":"2026-04-28T11:38:54","modified_gmt":"2026-04-28T14:38:54","slug":"franco-flexas-visito-rauch-el-radicalismo-esta-mas-vivo-que-nunca","status":"publish","type":"post","link":"https:\/\/vocesdellangueyu.com.ar\/index.php\/2026\/04\/28\/franco-flexas-visito-rauch-el-radicalismo-esta-mas-vivo-que-nunca\/","title":{"rendered":"FRANCO FLEXAS VISIT\u00d3 RAUCH &#8220;EL RADICALISMO EST\u00c1 MAS VIVO QUE NUNCA\u201d"},"content":{"rendered":"\n<figure class=\"wp-block-image size-large\"><img loading=\"lazy\" decoding=\"async\" width=\"1024\" height=\"461\" src=\"https:\/\/vocesdellangueyu.com.ar\/wp-content\/uploads\/2026\/04\/WhatsApp-Image-2026-04-28-at-09.34.20-1024x461.jpeg\" alt=\"\" class=\"wp-image-11423\" srcset=\"https:\/\/vocesdellangueyu.com.ar\/wp-content\/uploads\/2026\/04\/WhatsApp-Image-2026-04-28-at-09.34.20-1024x461.jpeg 1024w, https:\/\/vocesdellangueyu.com.ar\/wp-content\/uploads\/2026\/04\/WhatsApp-Image-2026-04-28-at-09.34.20-300x135.jpeg 300w, https:\/\/vocesdellangueyu.com.ar\/wp-content\/uploads\/2026\/04\/WhatsApp-Image-2026-04-28-at-09.34.20-768x346.jpeg 768w, https:\/\/vocesdellangueyu.com.ar\/wp-content\/uploads\/2026\/04\/WhatsApp-Image-2026-04-28-at-09.34.20.jpeg 1280w\" sizes=\"auto, (max-width: 1024px) 100vw, 1024px\" \/><\/figure>\n\n\n\n<p>El intendente de la ciudad de General Viamonte (Los Toldos) por el bloque de Juntos por el Cambio visit\u00f3 nuestra localidad hoy por la ma\u00f1ana<\/p>\n\n\n\n<p>En una conferencia de prensa realizada hoy por la ma\u00f1ana en el comit\u00e9 de la Union C\u00edvica Radical acompa\u00f1ado por el Intendente Maximiano Suecun, el presidente del partido Mario Ibargoyen y la concejala Mar\u00eda Laborde, Flexas dijo que \u201cesperan conseguir una lista de unidad para fortalecer el partido\u201d de cara a las pr\u00f3ximas elecciones bonaerenses y que si bien \u201chay expectativas todav\u00eda no encuentran el camino\u201d &nbsp;<\/p>\n\n\n\n<p>Dijo que a situaci\u00f3n econ\u00f3mica a nivel pa\u00eds \u201cesta pegando cada vez m\u00e1s\u201d y que eso hace que un partido que parec\u00eda intocable hoy ya no<\/p>\n\n\n\n<p>Este intendente tambi\u00e9n forma parte del foro de intendentes radicales, \u201csi logramos el acompa\u00f1amiento de los dem\u00e1s intendentes vamos a lograrlo\u201d<\/p>\n\n\n\n<p>Habl\u00f3 sobre la prioridad de gastos de los municipios ante la dif\u00edcil situaci\u00f3n econ\u00f3mica, dijo que \u201chay que prioriza gastos no recortar\u201d y que \u201chay que reclamar porque es plata de los bonaerenses\u201d &nbsp;<\/p>\n\n\n\n<p><\/p>\n","protected":false},"excerpt":{"rendered":"<p>El intendente de la ciudad de General Viamonte (Los Toldos) por el bloque de Juntos por el Cambio visit\u00f3 nuestra localidad hoy por la ma\u00f1ana En una conferencia de prensa realizada hoy por la ma\u00f1ana en el comit\u00e9 de la Union C\u00edvica Radical acompa\u00f1ado por el Intendente Maximiano Suecun, el presidente del partido Mario Ibargoyen [&hellip;]<\/p>\n","protected":false},"author":7,"featured_media":0,"comment_status":"open","ping_status":"open","sticky":false,"template":"","format":"standard","meta":{"jetpack_post_was_ever_published":false,"_jetpack_newsletter_access":"","_jetpack_dont_email_post_to_subs":false,"_jetpack_newsletter_tier_id":0,"_jetpack_memberships_contains_paywalled_content":false,"_jetpack_memberships_contains_paid_content":false,"footnotes":"","jetpack_publicize_message":"","jetpack_publicize_feature_enabled":true,"jetpack_social_post_already_shared":true,"jetpack_social_options":{"image_generator_settings":{"template":"highway","default_image_id":0,"enabled":false},"version":2}},"categories":[1],"tags":[],"class_list":["post-11422","post","type-post","status-publish","format-standard","hentry","category-nacionales"],"jetpack_publicize_connections":[],"jetpack_featured_media_url":"","jetpack_sharing_enabled":true,"jetpack_shortlink":"https:\/\/wp.me\/paQJuC-2Ye","_links":{"self":[{"href":"https:\/\/vocesdellangueyu.com.ar\/index.php\/wp-json\/wp\/v2\/posts\/11422","targetHints":{"allow":["GET"]}}],"collection":[{"href":"https:\/\/vocesdellangueyu.com.ar\/index.php\/wp-json\/wp\/v2\/posts"}],"about":[{"href":"https:\/\/vocesdellangueyu.com.ar\/index.php\/wp-json\/wp\/v2\/types\/post"}],"author":[{"embeddable":true,"href":"https:\/\/vocesdellangueyu.com.ar\/index.php\/wp-json\/wp\/v2\/users\/7"}],"replies":[{"embeddable":true,"href":"https:\/\/vocesdellangueyu.com.ar\/index.php\/wp-json\/wp\/v2\/comments?post=11422"}],"version-history":[{"count":1,"href":"https:\/\/vocesdellangueyu.com.ar\/index.php\/wp-json\/wp\/v2\/posts\/11422\/revisions"}],"predecessor-version":[{"id":11424,"href":"https:\/\/vocesdellangueyu.com.ar\/index.php\/wp-json\/wp\/v2\/posts\/11422\/revisions\/11424"}],"wp:attachment":[{"href":"https:\/\/vocesdellangueyu.com.ar\/index.php\/wp-json\/wp\/v2\/media?parent=11422"}],"wp:term":[{"taxonomy":"category","embeddable":true,"href":"https:\/\/vocesdellangueyu.com.ar\/index.php\/wp-json\/wp\/v2\/categories?post=11422"},{"taxonomy":"post_tag","embeddable":true,"href":"https:\/\/vocesdellangueyu.com.ar\/index.php\/wp-json\/wp\/v2\/tags?post=11422"}],"curies":[{"name":"wp","href":"https:\/\/api.w.org\/{rel}","templated":true}]}}