{"id":11536,"date":"2026-09-01T11:33:53","date_gmt":"2026-09-01T14:33:53","guid":{"rendered":"https:\/\/vocesdellangueyu.com.ar\/?p=11536"},"modified":"2026-09-01T11:33:53","modified_gmt":"2026-09-01T14:33:53","slug":"la-detencion-de-callejero-fino-sacude-la-programacion-de-la-fiesta-del-ave-de-raza-se-presentara-en-rauch","status":"publish","type":"post","link":"https:\/\/vocesdellangueyu.com.ar\/index.php\/2026\/09\/01\/la-detencion-de-callejero-fino-sacude-la-programacion-de-la-fiesta-del-ave-de-raza-se-presentara-en-rauch\/","title":{"rendered":"LA DETENCION DE CALLEJERO FINO SACUDE LA PROGRAMACION DE LA FIESTA DEL AVE DE RAZA: \u00bf SE PRESENTARA EN RAUCH?."},"content":{"rendered":"\n<p>La detenci\u00f3n del cantante de RKT <strong>Callejero Fino<\/strong>, ocurrida el pasado domingo en el partido de Tigre, gener\u00f3 preocupaci\u00f3n y expectativa en Rauch, ya que el artista tiene previsto presentarse el pr\u00f3ximo <strong>s\u00e1bado 12 de septiembre<\/strong>, en el marco de la noche central de la <strong>27\u00aa Fiesta Nacional del Ave de Raza<\/strong>.<\/p>\n\n\n\n<p>El m\u00fasico, cuyo nombre es <strong>Sim\u00f3n Natanael Alvarenga<\/strong>, fue detenido junto a otro hombre luego de que efectivos de la Polic\u00eda Bonaerense interceptaran la camioneta Volkswagen Amarok en la que circulaban por la zona de Villa La \u00d1ata. El veh\u00edculo se encontraba sin patente y, durante el procedimiento, los agentes hallaron una pistola Glock calibre .40 con la numeraci\u00f3n suprimida y municiones.<\/p>\n\n\n\n<p>Tras el procedimiento, ambos ocupantes quedaron detenidos. La causa, inicialmente vinculada a la <strong>tenencia ilegal de arma de guerra<\/strong>, fue posteriormente agravada y pas\u00f3 a investigarse como <strong>portaci\u00f3n ilegal de arma de guerra<\/strong>. Callejero Fino fue indagado por la Justicia y, seg\u00fan trascendi\u00f3, neg\u00f3 que el arma fuera de su propiedad. Luego de declarar, continu\u00f3 detenido.<\/p>\n\n\n\n<h3 class=\"wp-block-heading\">\u00bfQu\u00e9 ocurrir\u00e1 con su presentaci\u00f3n en Rauch?<\/h3>\n\n\n\n<p>La situaci\u00f3n judicial del artista abri\u00f3 un interrogante respecto de su participaci\u00f3n en la Fiesta Nacional del Ave de Raza. Callejero Fino forma parte de la programaci\u00f3n anunciada para el <strong>s\u00e1bado 12 de septiembre<\/strong>, jornada en la que tambi\u00e9n est\u00e1 prevista la presentaci\u00f3n del artista uruguayo <strong>Mat\u00edas Valdez<\/strong>. La edici\u00f3n 2026 de la fiesta se desarrollar\u00e1 entre el 6 y el 13 de septiembre.<\/p>\n\n\n\n<p>Desde la Comisi\u00f3n organizadora se\u00f1alaron que <strong>se encuentran en contacto permanente con la productora que representa al cantante<\/strong> y que fueron los propios representantes del artista quienes se comunicaron inicialmente con la organizaci\u00f3n.<\/p>\n\n\n\n<p>Seg\u00fan explicaron, durante la jornada de ayer mantuvieron distintas comunicaciones en las que la productora fue transmitiendo las novedades que recibe por parte de los abogados que intervienen en la causa.<\/p>\n\n\n\n<blockquote class=\"wp-block-quote is-layout-flow wp-block-quote-is-layout-flow\">\n<p>\u201cEstamos en contacto con la productora desde el domingo. Incluso, fueron ellos quienes se comunicaron primero con nosotros\u201d, se\u00f1alaron desde la organizaci\u00f3n.<\/p>\n<\/blockquote>\n\n\n\n<p>Asimismo, indicaron que actualmente se encuentran <strong>a la espera de lo que pueda suceder durante estas horas<\/strong> y que, de acuerdo con la evoluci\u00f3n de la situaci\u00f3n judicial, evaluar\u00e1n qu\u00e9 medidas tomar.<\/p>\n\n\n\n<p>La Comisi\u00f3n tambi\u00e9n inform\u00f3 que ayer mantuvo una reuni\u00f3n con la <strong>Subcomisi\u00f3n de Espect\u00e1culos<\/strong>, con el objetivo de analizar posibles alternativas y diferentes escenarios ante la situaci\u00f3n que atraviesa el artista.<\/p>\n\n\n\n<p>De todos modos, desde la organizaci\u00f3n remarcaron que <strong>todav\u00eda restan algunos d\u00edas para la fecha prevista del show<\/strong> y que aguardar\u00e1n para conocer si Callejero Fino logra resolver sus inconvenientes con la Justicia y puede continuar con los compromisos art\u00edsticos asumidos.<\/p>\n\n\n\n<p>\u201cEstamos siguiendo el tema de cerca y, apenas tengamos informaci\u00f3n concreta, informaremos como corresponde\u201d, expresaron desde la Comisi\u00f3n.<\/p>\n\n\n\n<p>Por el momento, <strong>no se anunci\u00f3 oficialmente la cancelaci\u00f3n ni la modificaci\u00f3n del espect\u00e1culo<\/strong>, por lo que la presentaci\u00f3n de Callejero Fino contin\u00faa figurando en la programaci\u00f3n de la 27\u00aa Fiesta Nacional del Ave de Raza, aunque su realizaci\u00f3n depender\u00e1 de la evoluci\u00f3n de la situaci\u00f3n judicial del cantante.<\/p>\n\n\n\n<figure class=\"wp-block-image size-full\"><img decoding=\"async\" src=\"https:\/\/vocesdellangueyu.com.ar\/wp-content\/uploads\/2026\/09\/images-3.jpg\" alt=\"\" class=\"wp-image-11537\"\/><\/figure>\n","protected":false},"excerpt":{"rendered":"<p>La detenci\u00f3n del cantante de RKT Callejero Fino, ocurrida el pasado domingo en el partido de Tigre, gener\u00f3 preocupaci\u00f3n y expectativa en Rauch, ya que el artista tiene previsto presentarse el pr\u00f3ximo s\u00e1bado 12 de septiembre, en el marco de la noche central de la 27\u00aa Fiesta Nacional del Ave de Raza. El m\u00fasico, cuyo [&hellip;]<\/p>\n","protected":false},"author":7,"featured_media":11537,"comment_status":"open","ping_status":"open","sticky":false,"template":"","format":"standard","meta":{"jetpack_post_was_ever_published":false,"_jetpack_newsletter_access":"","_jetpack_dont_email_post_to_subs":false,"_jetpack_newsletter_tier_id":0,"_jetpack_memberships_contains_paywalled_content":false,"_jetpack_memberships_contains_paid_content":false,"footnotes":"","jetpack_publicize_message":"","jetpack_publicize_feature_enabled":true,"jetpack_social_post_already_shared":true,"jetpack_social_options":{"image_generator_settings":{"template":"highway","default_image_id":0,"enabled":false},"version":2}},"categories":[1],"tags":[],"class_list":["post-11536","post","type-post","status-publish","format-standard","has-post-thumbnail","hentry","category-nacionales"],"jetpack_publicize_connections":[],"jetpack_featured_media_url":"https:\/\/vocesdellangueyu.com.ar\/wp-content\/uploads\/2026\/09\/images-3-e1788273223713.jpg","jetpack_sharing_enabled":true,"jetpack_shortlink":"https:\/\/wp.me\/paQJuC-304","_links":{"self":[{"href":"https:\/\/vocesdellangueyu.com.ar\/index.php\/wp-json\/wp\/v2\/posts\/11536","targetHints":{"allow":["GET"]}}],"collection":[{"href":"https:\/\/vocesdellangueyu.com.ar\/index.php\/wp-json\/wp\/v2\/posts"}],"about":[{"href":"https:\/\/vocesdellangueyu.com.ar\/index.php\/wp-json\/wp\/v2\/types\/post"}],"author":[{"embeddable":true,"href":"https:\/\/vocesdellangueyu.com.ar\/index.php\/wp-json\/wp\/v2\/users\/7"}],"replies":[{"embeddable":true,"href":"https:\/\/vocesdellangueyu.com.ar\/index.php\/wp-json\/wp\/v2\/comments?post=11536"}],"version-history":[{"count":1,"href":"https:\/\/vocesdellangueyu.com.ar\/index.php\/wp-json\/wp\/v2\/posts\/11536\/revisions"}],"predecessor-version":[{"id":11538,"href":"https:\/\/vocesdellangueyu.com.ar\/index.php\/wp-json\/wp\/v2\/posts\/11536\/revisions\/11538"}],"wp:featuredmedia":[{"embeddable":true,"href":"https:\/\/vocesdellangueyu.com.ar\/index.php\/wp-json\/wp\/v2\/media\/11537"}],"wp:attachment":[{"href":"https:\/\/vocesdellangueyu.com.ar\/index.php\/wp-json\/wp\/v2\/media?parent=11536"}],"wp:term":[{"taxonomy":"category","embeddable":true,"href":"https:\/\/vocesdellangueyu.com.ar\/index.php\/wp-json\/wp\/v2\/categories?post=11536"},{"taxonomy":"post_tag","embeddable":true,"href":"https:\/\/vocesdellangueyu.com.ar\/index.php\/wp-json\/wp\/v2\/tags?post=11536"}],"curies":[{"name":"wp","href":"https:\/\/api.w.org\/{rel}","templated":true}]}}