{"id":11549,"date":"2026-09-02T10:23:54","date_gmt":"2026-09-02T13:23:54","guid":{"rendered":"https:\/\/vocesdellangueyu.com.ar\/?p=11549"},"modified":"2026-09-02T10:23:54","modified_gmt":"2026-09-02T13:23:54","slug":"gabriel-senna-asume-manana-la-comisaria-local","status":"publish","type":"post","link":"https:\/\/vocesdellangueyu.com.ar\/index.php\/2026\/09\/02\/gabriel-senna-asume-manana-la-comisaria-local\/","title":{"rendered":"GABRIEL SENNA ASUME MA\u00d1ANA LA COMISARIA LOCAL"},"content":{"rendered":"\n<figure class=\"wp-block-image size-full\"><img loading=\"lazy\" decoding=\"async\" width=\"900\" height=\"687\" src=\"https:\/\/vocesdellangueyu.com.ar\/wp-content\/uploads\/2026\/09\/772713749_2060361701266833_3431507646415317284_n.jpg\" alt=\"\" class=\"wp-image-11550\" srcset=\"https:\/\/vocesdellangueyu.com.ar\/wp-content\/uploads\/2026\/09\/772713749_2060361701266833_3431507646415317284_n.jpg 900w, https:\/\/vocesdellangueyu.com.ar\/wp-content\/uploads\/2026\/09\/772713749_2060361701266833_3431507646415317284_n-300x229.jpg 300w, https:\/\/vocesdellangueyu.com.ar\/wp-content\/uploads\/2026\/09\/772713749_2060361701266833_3431507646415317284_n-768x586.jpg 768w\" sizes=\"auto, (max-width: 900px) 100vw, 900px\" \/><\/figure>\n\n\n\n<p>El comisario Carlos Gabriel Senna asume ma\u00f1ana como jefe de la comisaria local en remplazo del inspector Diego Lema al que le fue comunicada su salida hace d\u00edas atr\u00e1s por el intendente local, en medio de acusaciones formales por parte de un efectivo policial femenino que desempe\u00f1a tareas en Rauch y tras 8 meses, desde que se radic\u00f3 la denuncia hasta a fecha, de buscar un reemplazo<\/p>\n\n\n\n<p>En un acto protocolar que se llevar\u00e1 a cabo ma\u00f1ana jueves 3 de septiembre a las 12:00 hs. en la Estaci\u00f3n de Polic\u00eda Comunal y contar\u00e1 con la presencia de autoridades municipales y el comisario Ricardo Daniel Mocchetti, superintendente de Seguridad de la Regi\u00f3n Interior Centro (jurisdicci\u00f3n de la que forma parte Rauch), ser\u00eda quien formalmente ponga en funciones al nuevo jefe policial.<\/p>\n\n\n\n<p>Senna llega a la conducci\u00f3n de la fuerza local luego de desempe\u00f1arse como jefe de turno durante los fines de semana en la Departamental Bol\u00edvar<\/p>\n","protected":false},"excerpt":{"rendered":"<p>El comisario Carlos Gabriel Senna asume ma\u00f1ana como jefe de la comisaria local en remplazo del inspector Diego Lema al que le fue comunicada su salida hace d\u00edas atr\u00e1s por el intendente local, en medio de acusaciones formales por parte de un efectivo policial femenino que desempe\u00f1a tareas en Rauch y tras 8 meses, desde [&hellip;]<\/p>\n","protected":false},"author":7,"featured_media":0,"comment_status":"open","ping_status":"open","sticky":false,"template":"","format":"standard","meta":{"jetpack_post_was_ever_published":false,"_jetpack_newsletter_access":"","_jetpack_dont_email_post_to_subs":false,"_jetpack_newsletter_tier_id":0,"_jetpack_memberships_contains_paywalled_content":false,"_jetpack_memberships_contains_paid_content":false,"footnotes":"","jetpack_publicize_message":"","jetpack_publicize_feature_enabled":true,"jetpack_social_post_already_shared":true,"jetpack_social_options":{"image_generator_settings":{"template":"highway","default_image_id":0,"enabled":false},"version":2}},"categories":[1],"tags":[],"class_list":["post-11549","post","type-post","status-publish","format-standard","hentry","category-nacionales"],"jetpack_publicize_connections":[],"jetpack_featured_media_url":"","jetpack_sharing_enabled":true,"jetpack_shortlink":"https:\/\/wp.me\/paQJuC-30h","_links":{"self":[{"href":"https:\/\/vocesdellangueyu.com.ar\/index.php\/wp-json\/wp\/v2\/posts\/11549","targetHints":{"allow":["GET"]}}],"collection":[{"href":"https:\/\/vocesdellangueyu.com.ar\/index.php\/wp-json\/wp\/v2\/posts"}],"about":[{"href":"https:\/\/vocesdellangueyu.com.ar\/index.php\/wp-json\/wp\/v2\/types\/post"}],"author":[{"embeddable":true,"href":"https:\/\/vocesdellangueyu.com.ar\/index.php\/wp-json\/wp\/v2\/users\/7"}],"replies":[{"embeddable":true,"href":"https:\/\/vocesdellangueyu.com.ar\/index.php\/wp-json\/wp\/v2\/comments?post=11549"}],"version-history":[{"count":1,"href":"https:\/\/vocesdellangueyu.com.ar\/index.php\/wp-json\/wp\/v2\/posts\/11549\/revisions"}],"predecessor-version":[{"id":11551,"href":"https:\/\/vocesdellangueyu.com.ar\/index.php\/wp-json\/wp\/v2\/posts\/11549\/revisions\/11551"}],"wp:attachment":[{"href":"https:\/\/vocesdellangueyu.com.ar\/index.php\/wp-json\/wp\/v2\/media?parent=11549"}],"wp:term":[{"taxonomy":"category","embeddable":true,"href":"https:\/\/vocesdellangueyu.com.ar\/index.php\/wp-json\/wp\/v2\/categories?post=11549"},{"taxonomy":"post_tag","embeddable":true,"href":"https:\/\/vocesdellangueyu.com.ar\/index.php\/wp-json\/wp\/v2\/tags?post=11549"}],"curies":[{"name":"wp","href":"https:\/\/api.w.org\/{rel}","templated":true}]}}