{"id":11552,"date":"2026-09-02T11:20:37","date_gmt":"2026-09-02T14:20:37","guid":{"rendered":"https:\/\/vocesdellangueyu.com.ar\/?p=11552"},"modified":"2026-09-02T11:20:37","modified_gmt":"2026-09-02T14:20:37","slug":"rauch-sera-sede-de-importantes-etapas-regionales-de-los-torneos-bonaerenses","status":"publish","type":"post","link":"https:\/\/vocesdellangueyu.com.ar\/index.php\/2026\/09\/02\/rauch-sera-sede-de-importantes-etapas-regionales-de-los-torneos-bonaerenses\/","title":{"rendered":"RAUCH SER\u00c1 SEDE DE IMPORTANTES ETAPAS REGIONALES DE LOS TORNEOS BONAERENSES"},"content":{"rendered":"\n<figure class=\"wp-block-image size-large\"><img loading=\"lazy\" decoding=\"async\" width=\"929\" height=\"1024\" src=\"https:\/\/vocesdellangueyu.com.ar\/wp-content\/uploads\/2026\/09\/pcd-929x1024.jpg\" alt=\"\" class=\"wp-image-11553\" srcset=\"https:\/\/vocesdellangueyu.com.ar\/wp-content\/uploads\/2026\/09\/pcd-929x1024.jpg 929w, https:\/\/vocesdellangueyu.com.ar\/wp-content\/uploads\/2026\/09\/pcd-272x300.jpg 272w, https:\/\/vocesdellangueyu.com.ar\/wp-content\/uploads\/2026\/09\/pcd-768x847.jpg 768w, https:\/\/vocesdellangueyu.com.ar\/wp-content\/uploads\/2026\/09\/pcd-1393x1536.jpg 1393w, https:\/\/vocesdellangueyu.com.ar\/wp-content\/uploads\/2026\/09\/pcd.jpg 1451w\" sizes=\"auto, (max-width: 929px) 100vw, 929px\" \/><\/figure>\n\n\n\n<p><strong>Durante los pr\u00f3ximos d\u00edas, Rauch tendr\u00e1 una intensa agenda deportiva con competencias regionales, encuentros de escuelas deportivas y participaci\u00f3n de representantes locales en distintas disciplinas.<\/strong><\/p>\n\n\n\n<p>Rauch ser\u00e1 protagonista esta semana de una importante agenda deportiva, al convertirse en sede de distintas instancias regionales de los&nbsp;<strong>Torneos Bonaerenses<\/strong>, adem\u00e1s de albergar actividades correspondientes a las Escuelas Deportivas y contar con representantes locales en competencias fuera de la ciudad.<\/p>\n\n\n\n<p>Este&nbsp;<strong>viernes 4 de septiembre<\/strong>, nuestra ciudad ser\u00e1 sede de la&nbsp;<strong>Etapa Regional de los Torneos Bonaerenses<\/strong>&nbsp;en las disciplinas&nbsp;<strong>Futsal, categor\u00edas S14 y S16, y Tenis Femenino<\/strong>.<\/p>\n\n\n\n<p>En tanto, el pr\u00f3ximo&nbsp;<strong>lunes 7 de septiembre<\/strong>, Rauch recibir\u00e1 el&nbsp;<strong>Regional de F\u00fatbol PCD<\/strong>, que tendr\u00e1 como escenario el&nbsp;<strong>Estadio Municipal<\/strong>&nbsp;y contar\u00e1 con la participaci\u00f3n de&nbsp;<strong>39 equipos<\/strong>.<\/p>\n\n\n\n<p>Desde la organizaci\u00f3n destacaron que el resto de las etapas regionales previstas para estos d\u00edas continuar\u00e1n desarroll\u00e1ndose con normalidad.<\/p>\n\n\n\n<h3 class=\"wp-block-heading\">Actividades de las Escuelas Deportivas<\/h3>\n\n\n\n<p>La agenda tambi\u00e9n contempla diversas propuestas de las Escuelas Deportivas municipales. Durante este fin de semana se disputar\u00e1 una&nbsp;<strong>fecha local de la Liga de B\u00e1squet<\/strong>, con Rauch enfrentando a&nbsp;<strong>Amar del Plata<\/strong>.<\/p>\n\n\n\n<p>Por otra parte, el&nbsp;<strong>Ajedrez<\/strong>&nbsp;tendr\u00e1 actividad los d\u00edas&nbsp;<strong>4, 5 y 6 de septiembre<\/strong>, mientras que el s\u00e1bado 5 se desarrollar\u00e1 en&nbsp;<strong>Jun\u00edn la quinta fecha del URT Sub 2400<\/strong>, competencia en la que estar\u00e1 presente el jugador local&nbsp;<strong>Felipe Aciar<\/strong>.<\/p>\n\n\n\n<p>Finalmente, los d\u00edas&nbsp;<strong>5 y 6 de septiembre<\/strong>, se llevar\u00e1 adelante un&nbsp;<strong>Torneo de B\u00e1dminton para federados en Rafael Obligado<\/strong>, con la participaci\u00f3n y acompa\u00f1amiento del profesor&nbsp;<strong>Ezequiel Garmendia<\/strong>.<\/p>\n\n\n\n<p>De esta manera, Rauch vuelve a tener una destacada presencia en el calendario deportivo regional, tanto como sede de importantes competencias como a trav\u00e9s de sus deportistas y escuelas deportivas.<\/p>\n","protected":false},"excerpt":{"rendered":"<p>Durante los pr\u00f3ximos d\u00edas, Rauch tendr\u00e1 una intensa agenda deportiva con competencias regionales, encuentros de escuelas deportivas y participaci\u00f3n de representantes locales en distintas disciplinas. Rauch ser\u00e1 protagonista esta semana de una importante agenda deportiva, al convertirse en sede de distintas instancias regionales de los&nbsp;Torneos Bonaerenses, adem\u00e1s de albergar actividades correspondientes a las Escuelas Deportivas [&hellip;]<\/p>\n","protected":false},"author":7,"featured_media":0,"comment_status":"open","ping_status":"open","sticky":false,"template":"","format":"standard","meta":{"jetpack_post_was_ever_published":false,"_jetpack_newsletter_access":"","_jetpack_dont_email_post_to_subs":false,"_jetpack_newsletter_tier_id":0,"_jetpack_memberships_contains_paywalled_content":false,"_jetpack_memberships_contains_paid_content":false,"footnotes":"","jetpack_publicize_message":"","jetpack_publicize_feature_enabled":true,"jetpack_social_post_already_shared":true,"jetpack_social_options":{"image_generator_settings":{"template":"highway","default_image_id":0,"enabled":false},"version":2}},"categories":[1],"tags":[],"class_list":["post-11552","post","type-post","status-publish","format-standard","hentry","category-nacionales"],"jetpack_publicize_connections":[],"jetpack_featured_media_url":"","jetpack_sharing_enabled":true,"jetpack_shortlink":"https:\/\/wp.me\/paQJuC-30k","_links":{"self":[{"href":"https:\/\/vocesdellangueyu.com.ar\/index.php\/wp-json\/wp\/v2\/posts\/11552","targetHints":{"allow":["GET"]}}],"collection":[{"href":"https:\/\/vocesdellangueyu.com.ar\/index.php\/wp-json\/wp\/v2\/posts"}],"about":[{"href":"https:\/\/vocesdellangueyu.com.ar\/index.php\/wp-json\/wp\/v2\/types\/post"}],"author":[{"embeddable":true,"href":"https:\/\/vocesdellangueyu.com.ar\/index.php\/wp-json\/wp\/v2\/users\/7"}],"replies":[{"embeddable":true,"href":"https:\/\/vocesdellangueyu.com.ar\/index.php\/wp-json\/wp\/v2\/comments?post=11552"}],"version-history":[{"count":1,"href":"https:\/\/vocesdellangueyu.com.ar\/index.php\/wp-json\/wp\/v2\/posts\/11552\/revisions"}],"predecessor-version":[{"id":11554,"href":"https:\/\/vocesdellangueyu.com.ar\/index.php\/wp-json\/wp\/v2\/posts\/11552\/revisions\/11554"}],"wp:attachment":[{"href":"https:\/\/vocesdellangueyu.com.ar\/index.php\/wp-json\/wp\/v2\/media?parent=11552"}],"wp:term":[{"taxonomy":"category","embeddable":true,"href":"https:\/\/vocesdellangueyu.com.ar\/index.php\/wp-json\/wp\/v2\/categories?post=11552"},{"taxonomy":"post_tag","embeddable":true,"href":"https:\/\/vocesdellangueyu.com.ar\/index.php\/wp-json\/wp\/v2\/tags?post=11552"}],"curies":[{"name":"wp","href":"https:\/\/api.w.org\/{rel}","templated":true}]}}