{"id":11561,"date":"2026-09-02T11:30:55","date_gmt":"2026-09-02T14:30:55","guid":{"rendered":"https:\/\/vocesdellangueyu.com.ar\/?p=11561"},"modified":"2026-09-02T11:30:55","modified_gmt":"2026-09-02T14:30:55","slug":"joaquin-del-carril-compartio-su-experiencia-y-recuperacion-frente-a-las-adicciones","status":"publish","type":"post","link":"https:\/\/vocesdellangueyu.com.ar\/index.php\/2026\/09\/02\/joaquin-del-carril-compartio-su-experiencia-y-recuperacion-frente-a-las-adicciones\/","title":{"rendered":"JOAQU\u00cdN DEL CARRIL COMPARTI\u00d3 SU EXPERIENCIA Y RECUPERACI\u00d3N FRENTE A LAS ADICCIONES"},"content":{"rendered":"\n<figure class=\"wp-block-image size-large\"><img loading=\"lazy\" decoding=\"async\" width=\"1024\" height=\"768\" src=\"https:\/\/vocesdellangueyu.com.ar\/wp-content\/uploads\/2026\/09\/joaquin-1-1024x768.jpg\" alt=\"\" class=\"wp-image-11565\" srcset=\"https:\/\/vocesdellangueyu.com.ar\/wp-content\/uploads\/2026\/09\/joaquin-1-1024x768.jpg 1024w, https:\/\/vocesdellangueyu.com.ar\/wp-content\/uploads\/2026\/09\/joaquin-1-300x225.jpg 300w, https:\/\/vocesdellangueyu.com.ar\/wp-content\/uploads\/2026\/09\/joaquin-1-768x576.jpg 768w, https:\/\/vocesdellangueyu.com.ar\/wp-content\/uploads\/2026\/09\/joaquin-1.jpg 1280w\" sizes=\"auto, (max-width: 1024px) 100vw, 1024px\" \/><\/figure>\n\n\n\n<p>El Club San Lorenzo, junto a la Alianza por la Convivencia, llev\u00f3 adelante una charla a cargo de Joaqu\u00edn Del Carril, denominada \u201cCamino a la sanaci\u00f3n: la dura historia de una adicci\u00f3n\u201d, en las instalaciones del SUM del Centro Empleados de Comercio<\/p>\n\n\n\n<p><br>Del Carril, exjugador de rugby y quien desarroll\u00f3 parte de su trayectoria profesional en ESPN y TyC Sports, comparti\u00f3 con los presentes su experiencia personal en relaci\u00f3n con las adicciones y el proceso de recuperaci\u00f3n, poniendo el foco en la importancia de prevenir el consumo de drogas y generar conciencia, especialmente entre los j\u00f3venes.<\/p>\n\n\n\n<p><br>La propuesta estuvo dirigida principalmente a adolescentes de entre 15 y 18 a\u00f1os y busc\u00f3 acercar un mensaje de prevenci\u00f3n desde un lugar cercano y real, a partir de un testimonio personal que permiti\u00f3 abordar distintas situaciones y desaf\u00edos propios de esta etapa de la vida.<\/p>\n\n\n\n<p><br>Durante su relato, Del Carril habl\u00f3 sobre las inseguridades de la adolescencia, el dolor de la comparaci\u00f3n, las decisiones y circunstancias que atraves\u00f3 y el impacto que la adicci\u00f3n tuvo en su vida personal y familiar, especialmente en el v\u00ednculo con sus hijas.<\/p>\n\n\n\n<p><br>Acompa\u00f1aron la iniciativa dirigentes de clubes de nuestra ciudad, funcionarios del Gobierno Municipal, representantes de distintas instituciones y vecinos.<br>La jornada permiti\u00f3 generar un espacio de escucha y reflexi\u00f3n, destacando la importancia de hablar sobre las adicciones, fortalecer los v\u00ednculos y promover herramientas de prevenci\u00f3n y acompa\u00f1amiento.<br>(Prensa Municipal)<\/p>\n\n\n\n<figure class=\"wp-block-gallery has-nested-images columns-default is-cropped wp-block-gallery-1 is-layout-flex wp-block-gallery-is-layout-flex\">\n<figure class=\"wp-block-image size-large\"><img loading=\"lazy\" decoding=\"async\" width=\"1024\" height=\"768\" data-id=\"11562\" src=\"https:\/\/vocesdellangueyu.com.ar\/wp-content\/uploads\/2026\/09\/joaquin-1024x768.jpg\" alt=\"\" class=\"wp-image-11562\" srcset=\"https:\/\/vocesdellangueyu.com.ar\/wp-content\/uploads\/2026\/09\/joaquin-1024x768.jpg 1024w, https:\/\/vocesdellangueyu.com.ar\/wp-content\/uploads\/2026\/09\/joaquin-300x225.jpg 300w, https:\/\/vocesdellangueyu.com.ar\/wp-content\/uploads\/2026\/09\/joaquin-768x576.jpg 768w, https:\/\/vocesdellangueyu.com.ar\/wp-content\/uploads\/2026\/09\/joaquin.jpg 1280w\" sizes=\"auto, (max-width: 1024px) 100vw, 1024px\" \/><\/figure>\n\n\n\n<figure class=\"wp-block-image size-large\"><img loading=\"lazy\" decoding=\"async\" width=\"1024\" height=\"768\" data-id=\"11564\" src=\"https:\/\/vocesdellangueyu.com.ar\/wp-content\/uploads\/2026\/09\/joaquinn-1024x768.jpg\" alt=\"\" class=\"wp-image-11564\" srcset=\"https:\/\/vocesdellangueyu.com.ar\/wp-content\/uploads\/2026\/09\/joaquinn-1024x768.jpg 1024w, https:\/\/vocesdellangueyu.com.ar\/wp-content\/uploads\/2026\/09\/joaquinn-300x225.jpg 300w, https:\/\/vocesdellangueyu.com.ar\/wp-content\/uploads\/2026\/09\/joaquinn-768x576.jpg 768w, https:\/\/vocesdellangueyu.com.ar\/wp-content\/uploads\/2026\/09\/joaquinn.jpg 1280w\" sizes=\"auto, (max-width: 1024px) 100vw, 1024px\" \/><\/figure>\n\n\n\n<figure class=\"wp-block-image size-large\"><img loading=\"lazy\" decoding=\"async\" width=\"1024\" height=\"768\" data-id=\"11563\" src=\"https:\/\/vocesdellangueyu.com.ar\/wp-content\/uploads\/2026\/09\/joaquinnnn-1024x768.jpg\" alt=\"\" class=\"wp-image-11563\" srcset=\"https:\/\/vocesdellangueyu.com.ar\/wp-content\/uploads\/2026\/09\/joaquinnnn-1024x768.jpg 1024w, https:\/\/vocesdellangueyu.com.ar\/wp-content\/uploads\/2026\/09\/joaquinnnn-300x225.jpg 300w, https:\/\/vocesdellangueyu.com.ar\/wp-content\/uploads\/2026\/09\/joaquinnnn-768x576.jpg 768w, https:\/\/vocesdellangueyu.com.ar\/wp-content\/uploads\/2026\/09\/joaquinnnn.jpg 1280w\" sizes=\"auto, (max-width: 1024px) 100vw, 1024px\" \/><\/figure>\n<\/figure>\n","protected":false},"excerpt":{"rendered":"<p>El Club San Lorenzo, junto a la Alianza por la Convivencia, llev\u00f3 adelante una charla a cargo de Joaqu\u00edn Del Carril, denominada \u201cCamino a la sanaci\u00f3n: la dura historia de una adicci\u00f3n\u201d, en las instalaciones del SUM del Centro Empleados de Comercio Del Carril, exjugador de rugby y quien desarroll\u00f3 parte de su trayectoria profesional [&hellip;]<\/p>\n","protected":false},"author":7,"featured_media":11565,"comment_status":"open","ping_status":"open","sticky":false,"template":"","format":"standard","meta":{"jetpack_post_was_ever_published":false,"_jetpack_newsletter_access":"","_jetpack_dont_email_post_to_subs":false,"_jetpack_newsletter_tier_id":0,"_jetpack_memberships_contains_paywalled_content":false,"_jetpack_memberships_contains_paid_content":false,"footnotes":"","jetpack_publicize_message":"","jetpack_publicize_feature_enabled":true,"jetpack_social_post_already_shared":true,"jetpack_social_options":{"image_generator_settings":{"template":"highway","default_image_id":0,"enabled":false},"version":2}},"categories":[1],"tags":[],"class_list":["post-11561","post","type-post","status-publish","format-standard","has-post-thumbnail","hentry","category-nacionales"],"jetpack_publicize_connections":[],"jetpack_featured_media_url":"https:\/\/vocesdellangueyu.com.ar\/wp-content\/uploads\/2026\/09\/joaquin-1.jpg","jetpack_sharing_enabled":true,"jetpack_shortlink":"https:\/\/wp.me\/paQJuC-30t","_links":{"self":[{"href":"https:\/\/vocesdellangueyu.com.ar\/index.php\/wp-json\/wp\/v2\/posts\/11561","targetHints":{"allow":["GET"]}}],"collection":[{"href":"https:\/\/vocesdellangueyu.com.ar\/index.php\/wp-json\/wp\/v2\/posts"}],"about":[{"href":"https:\/\/vocesdellangueyu.com.ar\/index.php\/wp-json\/wp\/v2\/types\/post"}],"author":[{"embeddable":true,"href":"https:\/\/vocesdellangueyu.com.ar\/index.php\/wp-json\/wp\/v2\/users\/7"}],"replies":[{"embeddable":true,"href":"https:\/\/vocesdellangueyu.com.ar\/index.php\/wp-json\/wp\/v2\/comments?post=11561"}],"version-history":[{"count":1,"href":"https:\/\/vocesdellangueyu.com.ar\/index.php\/wp-json\/wp\/v2\/posts\/11561\/revisions"}],"predecessor-version":[{"id":11566,"href":"https:\/\/vocesdellangueyu.com.ar\/index.php\/wp-json\/wp\/v2\/posts\/11561\/revisions\/11566"}],"wp:featuredmedia":[{"embeddable":true,"href":"https:\/\/vocesdellangueyu.com.ar\/index.php\/wp-json\/wp\/v2\/media\/11565"}],"wp:attachment":[{"href":"https:\/\/vocesdellangueyu.com.ar\/index.php\/wp-json\/wp\/v2\/media?parent=11561"}],"wp:term":[{"taxonomy":"category","embeddable":true,"href":"https:\/\/vocesdellangueyu.com.ar\/index.php\/wp-json\/wp\/v2\/categories?post=11561"},{"taxonomy":"post_tag","embeddable":true,"href":"https:\/\/vocesdellangueyu.com.ar\/index.php\/wp-json\/wp\/v2\/tags?post=11561"}],"curies":[{"name":"wp","href":"https:\/\/api.w.org\/{rel}","templated":true}]}}