{"id":11567,"date":"2026-09-03T10:05:41","date_gmt":"2026-09-03T13:05:41","guid":{"rendered":"https:\/\/vocesdellangueyu.com.ar\/?p=11567"},"modified":"2026-09-03T10:06:38","modified_gmt":"2026-09-03T13:06:38","slug":"allanamientos-en-mar-del-plata-por-dos-robos-investigados-en-rauch","status":"publish","type":"post","link":"https:\/\/vocesdellangueyu.com.ar\/index.php\/2026\/09\/03\/allanamientos-en-mar-del-plata-por-dos-robos-investigados-en-rauch\/","title":{"rendered":"ALLANAMIENTOS EN MAR DEL PLATA POR DOS ROBOS INVESTIGADOS EN RAUCH"},"content":{"rendered":"\n<figure class=\"wp-block-image size-large\"><img loading=\"lazy\" decoding=\"async\" width=\"1024\" height=\"461\" src=\"https:\/\/vocesdellangueyu.com.ar\/wp-content\/uploads\/2026\/09\/6e1875fe-d173-4a75-843b-49b01c5f40b8-1024x461.jpg\" alt=\"\" class=\"wp-image-11568\" srcset=\"https:\/\/vocesdellangueyu.com.ar\/wp-content\/uploads\/2026\/09\/6e1875fe-d173-4a75-843b-49b01c5f40b8-1024x461.jpg 1024w, https:\/\/vocesdellangueyu.com.ar\/wp-content\/uploads\/2026\/09\/6e1875fe-d173-4a75-843b-49b01c5f40b8-300x135.jpg 300w, https:\/\/vocesdellangueyu.com.ar\/wp-content\/uploads\/2026\/09\/6e1875fe-d173-4a75-843b-49b01c5f40b8-768x346.jpg 768w, https:\/\/vocesdellangueyu.com.ar\/wp-content\/uploads\/2026\/09\/6e1875fe-d173-4a75-843b-49b01c5f40b8.jpg 1280w\" sizes=\"auto, (max-width: 1024px) 100vw, 1024px\" \/><\/figure>\n\n\n\n<h3 class=\"wp-block-heading\">La investigaci\u00f3n permiti\u00f3 identificar a personas que estar\u00edan vinculadas con los hechos ocurridos en una agencia de veh\u00edculos y en la f\u00e1brica La Mere Michelle. Se secuestraron elementos de inter\u00e9s y los sospechosos quedaron a disposici\u00f3n de la Justicia.<\/h3>\n\n\n\n<p>Una investigaci\u00f3n por dos robos ocurridos en Rauch deriv\u00f3 en una serie de allanamientos realizados este miercoles en distintos domicilios de la ciudad de Mar del Plata, donde se concretaron medidas de registro, requisa personal y secuestro de elementos vinculados con los hechos investigados.<\/p>\n\n\n\n<p>Los procedimientos fueron llevados adelante por personal de la SUB DDI Las Flores, junto con efectivos del Gabinete T\u00e9cnico Operativo de la Estaci\u00f3n de Polic\u00eda Comunal de Rauch, con intervenci\u00f3n de la DDI Azul.<\/p>\n\n\n\n<p>La causa se inici\u00f3 a partir de dos hechos delictivos registrados en Rauch: uno ocurrido en una agencia de veh\u00edculos y otro en la f\u00e1brica La Mere Michelle. A partir de las distintas tareas investigativas desarrolladas durante las \u00faltimas semanas, los investigadores lograron establecer que las personas sindicadas como presuntas autoras de ambos il\u00edcitos residir\u00edan en Mar del Plata.<\/p>\n\n\n\n<p>Con las pruebas reunidas, el Juzgado de Garant\u00edas N.\u00ba 2, a cargo del Dr. Federico Antonio Barberena, autoriz\u00f3 las medidas solicitadas por la UFI N.\u00ba 9, a cargo de la fiscal Dra. Laura Margaretic.<\/p>\n\n\n\n<p>Durante los allanamientos se secuestraron diversos elementos considerados de inter\u00e9s para la investigaci\u00f3n y se logr\u00f3 avanzar en la identificaci\u00f3n de las personas presuntamente vinculadas con los hechos. Seg\u00fan se inform\u00f3, quedaron a disposici\u00f3n de la autoridad judicial competente.<\/p>\n\n\n\n<h2 class=\"wp-block-heading\">El aporte del Centro de Monitoreo<\/h2>\n\n\n\n<p>La investigaci\u00f3n cont\u00f3 adem\u00e1s con un importante aporte del Centro de Monitoreo de Rauch, que puso a disposici\u00f3n de los investigadores las im\u00e1genes obtenidas a trav\u00e9s del sistema de videovigilancia municipal.<\/p>\n\n\n\n<p>Asimismo, desde el Centro de Monitoreo se realizaron los nexos necesarios con sistemas de videovigilancia de otras localidades, permitiendo ampliar las l\u00edneas investigativas y aportar informaci\u00f3n relevante para avanzar en el esclarecimiento de los hechos.<\/p>\n\n\n\n<p>Desde el \u00e1rea de Seguridad del Municipio de Rauch tambi\u00e9n se brind\u00f3 colaboraci\u00f3n y se pusieron a disposici\u00f3n recursos, medios y log\u00edstica para acompa\u00f1ar el trabajo realizado por las fuerzas policiales.<\/p>\n\n\n\n<p>De esta manera, el operativo fue resultado de un trabajo coordinado entre distintas dependencias policiales y \u00e1reas municipales, articulando informaci\u00f3n, recursos tecnol\u00f3gicos y tareas de investigaci\u00f3n que permitieron avanzar sobre la presunta autor\u00eda de los dos robos investigados.<\/p>\n","protected":false},"excerpt":{"rendered":"<p>La investigaci\u00f3n permiti\u00f3 identificar a personas que estar\u00edan vinculadas con los hechos ocurridos en una agencia de veh\u00edculos y en la f\u00e1brica La Mere Michelle. Se secuestraron elementos de inter\u00e9s y los sospechosos quedaron a disposici\u00f3n de la Justicia. Una investigaci\u00f3n por dos robos ocurridos en Rauch deriv\u00f3 en una serie de allanamientos realizados este [&hellip;]<\/p>\n","protected":false},"author":7,"featured_media":0,"comment_status":"open","ping_status":"open","sticky":false,"template":"","format":"standard","meta":{"jetpack_post_was_ever_published":false,"_jetpack_newsletter_access":"","_jetpack_dont_email_post_to_subs":false,"_jetpack_newsletter_tier_id":0,"_jetpack_memberships_contains_paywalled_content":false,"_jetpack_memberships_contains_paid_content":false,"footnotes":"","jetpack_publicize_message":"","jetpack_publicize_feature_enabled":true,"jetpack_social_post_already_shared":true,"jetpack_social_options":{"image_generator_settings":{"template":"highway","default_image_id":0,"enabled":false},"version":2}},"categories":[1],"tags":[],"class_list":["post-11567","post","type-post","status-publish","format-standard","hentry","category-nacionales"],"jetpack_publicize_connections":[],"jetpack_featured_media_url":"","jetpack_sharing_enabled":true,"jetpack_shortlink":"https:\/\/wp.me\/paQJuC-30z","_links":{"self":[{"href":"https:\/\/vocesdellangueyu.com.ar\/index.php\/wp-json\/wp\/v2\/posts\/11567","targetHints":{"allow":["GET"]}}],"collection":[{"href":"https:\/\/vocesdellangueyu.com.ar\/index.php\/wp-json\/wp\/v2\/posts"}],"about":[{"href":"https:\/\/vocesdellangueyu.com.ar\/index.php\/wp-json\/wp\/v2\/types\/post"}],"author":[{"embeddable":true,"href":"https:\/\/vocesdellangueyu.com.ar\/index.php\/wp-json\/wp\/v2\/users\/7"}],"replies":[{"embeddable":true,"href":"https:\/\/vocesdellangueyu.com.ar\/index.php\/wp-json\/wp\/v2\/comments?post=11567"}],"version-history":[{"count":2,"href":"https:\/\/vocesdellangueyu.com.ar\/index.php\/wp-json\/wp\/v2\/posts\/11567\/revisions"}],"predecessor-version":[{"id":11570,"href":"https:\/\/vocesdellangueyu.com.ar\/index.php\/wp-json\/wp\/v2\/posts\/11567\/revisions\/11570"}],"wp:attachment":[{"href":"https:\/\/vocesdellangueyu.com.ar\/index.php\/wp-json\/wp\/v2\/media?parent=11567"}],"wp:term":[{"taxonomy":"category","embeddable":true,"href":"https:\/\/vocesdellangueyu.com.ar\/index.php\/wp-json\/wp\/v2\/categories?post=11567"},{"taxonomy":"post_tag","embeddable":true,"href":"https:\/\/vocesdellangueyu.com.ar\/index.php\/wp-json\/wp\/v2\/tags?post=11567"}],"curies":[{"name":"wp","href":"https:\/\/api.w.org\/{rel}","templated":true}]}}