{"id":11571,"date":"2026-09-03T10:21:40","date_gmt":"2026-09-03T13:21:40","guid":{"rendered":"https:\/\/vocesdellangueyu.com.ar\/?p=11571"},"modified":"2026-09-03T10:21:40","modified_gmt":"2026-09-03T13:21:40","slug":"ficha-limpia-en-la-administracion-publica-en-rauch","status":"publish","type":"post","link":"https:\/\/vocesdellangueyu.com.ar\/index.php\/2026\/09\/03\/ficha-limpia-en-la-administracion-publica-en-rauch\/","title":{"rendered":"\u201cFICHA LIMPIA\u201d EN LA ADMINISTRACI\u00d3N P\u00daBLICA EN RAUCH"},"content":{"rendered":"\n<figure class=\"wp-block-image size-large\"><img loading=\"lazy\" decoding=\"async\" width=\"696\" height=\"1024\" src=\"https:\/\/vocesdellangueyu.com.ar\/wp-content\/uploads\/2026\/09\/e245916b-e13d-4780-94e2-9f7eae0cb6b9-696x1024.jpg\" alt=\"\" class=\"wp-image-11572\" srcset=\"https:\/\/vocesdellangueyu.com.ar\/wp-content\/uploads\/2026\/09\/e245916b-e13d-4780-94e2-9f7eae0cb6b9-696x1024.jpg 696w, https:\/\/vocesdellangueyu.com.ar\/wp-content\/uploads\/2026\/09\/e245916b-e13d-4780-94e2-9f7eae0cb6b9-204x300.jpg 204w, https:\/\/vocesdellangueyu.com.ar\/wp-content\/uploads\/2026\/09\/e245916b-e13d-4780-94e2-9f7eae0cb6b9-768x1130.jpg 768w, https:\/\/vocesdellangueyu.com.ar\/wp-content\/uploads\/2026\/09\/e245916b-e13d-4780-94e2-9f7eae0cb6b9-1044x1536.jpg 1044w, https:\/\/vocesdellangueyu.com.ar\/wp-content\/uploads\/2026\/09\/e245916b-e13d-4780-94e2-9f7eae0cb6b9.jpg 1080w\" sizes=\"auto, (max-width: 696px) 100vw, 696px\" \/><\/figure>\n\n\n\n<p>El pasado martes en el concejo deliberante, la concejal de Somos Buenos Aires, Miriam Larrocea, presento el proyecto Ficha limpia a nivel local. Con esto se busca que quienes tengan condenas firmes por delitos vinculados con la corrupci\u00f3n, el manejo de fondos p\u00fablicos, el enriquecimiento il\u00edcito, el fraude contra la Administraci\u00f3n P\u00fablica, el tr\u00e1fico de influencias, entre otros delitos graves, no podr\u00e1n acceder a esos cargos mientras permanezca vigente la situaci\u00f3n que genera el impedimento. Tambi\u00e9n no podr\u00e1n ocupar determinados cargos quienes sean deudores alimentarios morosos o mantengan deudas tributarias con el propio Municipio.<\/p>\n\n\n\n<p>El principal punto de este proyecto es brindar \u201ctransparencia\u201d a los vecinos de Rauch y que sea un punta pie para que se retome la confianza en la pol\u00edtica p\u00fablica que seg\u00fan Larrocea \u201cse ha perdido\u201d. \u201cTodos hemos escuchado frases como \u2018todos los pol\u00edticos son iguales\u2019, \u2018todos los pol\u00edticos roban\u2019 o \u2018todos los pol\u00edticos son corruptos\u201d indic\u00f3 en el recinto<\/p>\n\n\n\n<p>Este r\u00e9gimen alcanza a funcionarios pol\u00edticos del \u00e1mbito de la Municipalidad de Rauch y del Ente Descentralizado Hospital Municipal. Tambi\u00e9n quedan alcanzados auxiliares del intendente, secretarios, subsecretarios y directores, delegados municipales, funcionarios pol\u00edticos designados por el Departamento Ejecutivo y funcionarios pol\u00edticos designados por el Concejo Deliberante.<\/p>\n\n\n\n<p>Larrocea coment\u00f3 a nuestra emisora que se le pedir\u00e1 certificado libre de cualquier demanda tanto a un ingresante a la administraci\u00f3n publica como a los que ya se desempe\u00f1en en alg\u00fan \u00e1rea municipal.&nbsp; Pero que tienen que ser condenas firmes, que hayan tenido un juicio o sentencia. \u201cNo nos vamos a adelantar a la justicia porque hasta el momento de la sentencia se declara la inocencia\u201d dijo<\/p>\n\n\n\n<p>La oposici\u00f3n acompa\u00f1\u00f3 el proyecto. \u201cMe parece fundamental ese desaf\u00edo que nos toca hoy en d\u00eda: recuperar la confianza de la ciudadan\u00eda en la pol\u00edtica integral\u201d, expres\u00f3 Martin Crocci, concejal de Fuerza Patria<\/p>\n","protected":false},"excerpt":{"rendered":"<p>El pasado martes en el concejo deliberante, la concejal de Somos Buenos Aires, Miriam Larrocea, presento el proyecto Ficha limpia a nivel local. Con esto se busca que quienes tengan condenas firmes por delitos vinculados con la corrupci\u00f3n, el manejo de fondos p\u00fablicos, el enriquecimiento il\u00edcito, el fraude contra la Administraci\u00f3n P\u00fablica, el tr\u00e1fico de [&hellip;]<\/p>\n","protected":false},"author":7,"featured_media":0,"comment_status":"open","ping_status":"open","sticky":false,"template":"","format":"standard","meta":{"jetpack_post_was_ever_published":false,"_jetpack_newsletter_access":"","_jetpack_dont_email_post_to_subs":false,"_jetpack_newsletter_tier_id":0,"_jetpack_memberships_contains_paywalled_content":false,"_jetpack_memberships_contains_paid_content":false,"footnotes":"","jetpack_publicize_message":"","jetpack_publicize_feature_enabled":true,"jetpack_social_post_already_shared":true,"jetpack_social_options":{"image_generator_settings":{"template":"highway","default_image_id":0,"enabled":false},"version":2}},"categories":[1],"tags":[],"class_list":["post-11571","post","type-post","status-publish","format-standard","hentry","category-nacionales"],"jetpack_publicize_connections":[],"jetpack_featured_media_url":"","jetpack_sharing_enabled":true,"jetpack_shortlink":"https:\/\/wp.me\/paQJuC-30D","_links":{"self":[{"href":"https:\/\/vocesdellangueyu.com.ar\/index.php\/wp-json\/wp\/v2\/posts\/11571","targetHints":{"allow":["GET"]}}],"collection":[{"href":"https:\/\/vocesdellangueyu.com.ar\/index.php\/wp-json\/wp\/v2\/posts"}],"about":[{"href":"https:\/\/vocesdellangueyu.com.ar\/index.php\/wp-json\/wp\/v2\/types\/post"}],"author":[{"embeddable":true,"href":"https:\/\/vocesdellangueyu.com.ar\/index.php\/wp-json\/wp\/v2\/users\/7"}],"replies":[{"embeddable":true,"href":"https:\/\/vocesdellangueyu.com.ar\/index.php\/wp-json\/wp\/v2\/comments?post=11571"}],"version-history":[{"count":1,"href":"https:\/\/vocesdellangueyu.com.ar\/index.php\/wp-json\/wp\/v2\/posts\/11571\/revisions"}],"predecessor-version":[{"id":11573,"href":"https:\/\/vocesdellangueyu.com.ar\/index.php\/wp-json\/wp\/v2\/posts\/11571\/revisions\/11573"}],"wp:attachment":[{"href":"https:\/\/vocesdellangueyu.com.ar\/index.php\/wp-json\/wp\/v2\/media?parent=11571"}],"wp:term":[{"taxonomy":"category","embeddable":true,"href":"https:\/\/vocesdellangueyu.com.ar\/index.php\/wp-json\/wp\/v2\/categories?post=11571"},{"taxonomy":"post_tag","embeddable":true,"href":"https:\/\/vocesdellangueyu.com.ar\/index.php\/wp-json\/wp\/v2\/tags?post=11571"}],"curies":[{"name":"wp","href":"https:\/\/api.w.org\/{rel}","templated":true}]}}