{"id":11574,"date":"2026-09-04T10:40:02","date_gmt":"2026-09-04T13:40:02","guid":{"rendered":"https:\/\/vocesdellangueyu.com.ar\/?p=11574"},"modified":"2026-09-04T10:40:02","modified_gmt":"2026-09-04T13:40:02","slug":"conmocion-en-rauch-por-el-fallecimiento-de-un-participante-en-bonaerenses","status":"publish","type":"post","link":"https:\/\/vocesdellangueyu.com.ar\/index.php\/2026\/09\/04\/conmocion-en-rauch-por-el-fallecimiento-de-un-participante-en-bonaerenses\/","title":{"rendered":"CONMOCI\u00d3N EN RAUCH POR EL FALLECIMIENTO DE UN PARTICIPANTE EN BONAERENSES"},"content":{"rendered":"\n<figure class=\"wp-block-image size-full\"><img loading=\"lazy\" decoding=\"async\" width=\"900\" height=\"459\" src=\"https:\/\/vocesdellangueyu.com.ar\/wp-content\/uploads\/2026\/09\/793212652_1078174014858748_3670296368770937467_n.jpg\" alt=\"\" class=\"wp-image-11575\" srcset=\"https:\/\/vocesdellangueyu.com.ar\/wp-content\/uploads\/2026\/09\/793212652_1078174014858748_3670296368770937467_n.jpg 900w, https:\/\/vocesdellangueyu.com.ar\/wp-content\/uploads\/2026\/09\/793212652_1078174014858748_3670296368770937467_n-300x153.jpg 300w, https:\/\/vocesdellangueyu.com.ar\/wp-content\/uploads\/2026\/09\/793212652_1078174014858748_3670296368770937467_n-768x392.jpg 768w\" sizes=\"auto, (max-width: 900px) 100vw, 900px\" \/><\/figure>\n\n\n\n<p>Este jueves la delegaci\u00f3n de Rauch de Newcom, integrada por adultos mayores, compiti\u00f3 en la ciudad de saladillo por el torneo regional de Juegos Bonaerenses. Luego del desarrollo del partido, un participante, identificado como Jos\u00e9 Luis Bel\u00edo de 74 a\u00f1os sufri\u00f3 una descompensaci\u00f3n<\/p>\n\n\n\n<p>Bel\u00edo fue atendido r\u00e1pidamente por personal de enfermer\u00eda que se encontraba en el lugar y luego derivado al Hospital Hospital Dr. Alejandro Posadas de Saladillo, donde se constat\u00f3 su deceso producto de un paro cardiaco <\/p>\n\n\n\n<p>Desde el \u00e1rea del deportes del municipio lamentaron profundamente su fallecimiento y emitieron el siguiente comunicado:<\/p>\n\n\n\n<p>&#8220;Desde la Direcci\u00f3n de Deportes de la Municipalidad de Rauch lamentamos profundamente el fallecimiento del se\u00f1or Jos\u00e9 Luis Belio, integrante de la delegaci\u00f3n rauchense que represent\u00f3 a Rauch en el Regional de Adultos Mayores correspondiente a Torneos Bonaerenses, en la ciudad de Saladillo.<\/p>\n\n\n\n<p>Hacemos llegar nuestras m\u00e1s sinceras condolencias a sus hijos, familiares y amigos, acompa\u00f1\u00e1ndolos en este doloroso momento&#8221;. <\/p>\n\n\n\n<p>Direcci\u00f3n de Deportes<br>Municipalidad de Rauch<\/p>\n\n\n\n<p><\/p>\n","protected":false},"excerpt":{"rendered":"<p>Este jueves la delegaci\u00f3n de Rauch de Newcom, integrada por adultos mayores, compiti\u00f3 en la ciudad de saladillo por el torneo regional de Juegos Bonaerenses. Luego del desarrollo del partido, un participante, identificado como Jos\u00e9 Luis Bel\u00edo de 74 a\u00f1os sufri\u00f3 una descompensaci\u00f3n Bel\u00edo fue atendido r\u00e1pidamente por personal de enfermer\u00eda que se encontraba en [&hellip;]<\/p>\n","protected":false},"author":7,"featured_media":0,"comment_status":"open","ping_status":"open","sticky":false,"template":"","format":"standard","meta":{"jetpack_post_was_ever_published":false,"_jetpack_newsletter_access":"","_jetpack_dont_email_post_to_subs":false,"_jetpack_newsletter_tier_id":0,"_jetpack_memberships_contains_paywalled_content":false,"_jetpack_memberships_contains_paid_content":false,"footnotes":"","jetpack_publicize_message":"","jetpack_publicize_feature_enabled":true,"jetpack_social_post_already_shared":true,"jetpack_social_options":{"image_generator_settings":{"template":"highway","default_image_id":0,"enabled":false},"version":2}},"categories":[1],"tags":[],"class_list":["post-11574","post","type-post","status-publish","format-standard","hentry","category-nacionales"],"jetpack_publicize_connections":[],"jetpack_featured_media_url":"","jetpack_sharing_enabled":true,"jetpack_shortlink":"https:\/\/wp.me\/paQJuC-30G","_links":{"self":[{"href":"https:\/\/vocesdellangueyu.com.ar\/index.php\/wp-json\/wp\/v2\/posts\/11574","targetHints":{"allow":["GET"]}}],"collection":[{"href":"https:\/\/vocesdellangueyu.com.ar\/index.php\/wp-json\/wp\/v2\/posts"}],"about":[{"href":"https:\/\/vocesdellangueyu.com.ar\/index.php\/wp-json\/wp\/v2\/types\/post"}],"author":[{"embeddable":true,"href":"https:\/\/vocesdellangueyu.com.ar\/index.php\/wp-json\/wp\/v2\/users\/7"}],"replies":[{"embeddable":true,"href":"https:\/\/vocesdellangueyu.com.ar\/index.php\/wp-json\/wp\/v2\/comments?post=11574"}],"version-history":[{"count":1,"href":"https:\/\/vocesdellangueyu.com.ar\/index.php\/wp-json\/wp\/v2\/posts\/11574\/revisions"}],"predecessor-version":[{"id":11576,"href":"https:\/\/vocesdellangueyu.com.ar\/index.php\/wp-json\/wp\/v2\/posts\/11574\/revisions\/11576"}],"wp:attachment":[{"href":"https:\/\/vocesdellangueyu.com.ar\/index.php\/wp-json\/wp\/v2\/media?parent=11574"}],"wp:term":[{"taxonomy":"category","embeddable":true,"href":"https:\/\/vocesdellangueyu.com.ar\/index.php\/wp-json\/wp\/v2\/categories?post=11574"},{"taxonomy":"post_tag","embeddable":true,"href":"https:\/\/vocesdellangueyu.com.ar\/index.php\/wp-json\/wp\/v2\/tags?post=11574"}],"curies":[{"name":"wp","href":"https:\/\/api.w.org\/{rel}","templated":true}]}}