{"id":11577,"date":"2026-09-04T10:42:32","date_gmt":"2026-09-04T13:42:32","guid":{"rendered":"https:\/\/vocesdellangueyu.com.ar\/?p=11577"},"modified":"2026-09-04T10:42:32","modified_gmt":"2026-09-04T13:42:32","slug":"carlos-sena-asumio-como-nuevo-titular-de-la-estacion-de-policia-comunal-de-rauch","status":"publish","type":"post","link":"https:\/\/vocesdellangueyu.com.ar\/index.php\/2026\/09\/04\/carlos-sena-asumio-como-nuevo-titular-de-la-estacion-de-policia-comunal-de-rauch\/","title":{"rendered":"CARLOS SENA ASUMI\u00d3 COMO NUEVO TITULAR DE LA ESTACI\u00d3N DE POLIC\u00cdA COMUNAL DE RAUCH"},"content":{"rendered":"\n<figure class=\"wp-block-image size-large\"><img loading=\"lazy\" decoding=\"async\" width=\"1024\" height=\"576\" src=\"https:\/\/vocesdellangueyu.com.ar\/wp-content\/uploads\/2026\/09\/sennaa-1024x576.jpg\" alt=\"\" class=\"wp-image-11578\" srcset=\"https:\/\/vocesdellangueyu.com.ar\/wp-content\/uploads\/2026\/09\/sennaa-1024x576.jpg 1024w, https:\/\/vocesdellangueyu.com.ar\/wp-content\/uploads\/2026\/09\/sennaa-300x169.jpg 300w, https:\/\/vocesdellangueyu.com.ar\/wp-content\/uploads\/2026\/09\/sennaa-768x432.jpg 768w, https:\/\/vocesdellangueyu.com.ar\/wp-content\/uploads\/2026\/09\/sennaa-1536x864.jpg 1536w, https:\/\/vocesdellangueyu.com.ar\/wp-content\/uploads\/2026\/09\/sennaa.jpg 1600w\" sizes=\"auto, (max-width: 1024px) 100vw, 1024px\" \/><\/figure>\n\n\n\n<p>Durante el mediod\u00eda de ayer, en la sede de la Polic\u00eda Comunal, se llev\u00f3 a cabo el acto de puesta en funciones del nuevo titular de la Estaci\u00f3n de Polic\u00eda Comunal de Rauch, Comisario Carlos Sena, quien reemplaza en el cargo al Comisario Inspector Diego Lema.<\/p>\n\n\n\n<p><br>El acto fue encabezado por el Comisario Mayor Ricardo Mocchetti, Superintendente de Seguridad de la Regi\u00f3n Interior Centro, y cont\u00f3 con la presencia del Intendente Municipal Maximiliano Suescun; el Secretario de Planificaci\u00f3n, Mario Ibargoyen; el Secretario de Obras y Servicios P\u00fablicos, Gustavo Palazzo; y la Subsecretaria de Protecci\u00f3n Ciudadana, Valeria Cejas.<\/p>\n\n\n\n<p><br>Luego de la firma de las actas correspondientes y con Sena ya en funciones, el Intendente Municipal destac\u00f3 la labor desarrollada por Lema durante su gesti\u00f3n al frente de la dependencia, a la que lleg\u00f3 en marzo de 2025.<\/p>\n\n\n\n<p><br>\u201cDebo agradecer estos casi dos a\u00f1os en Rauch. En t\u00e9rminos de gesti\u00f3n nos ha ido bien\u201d, manifest\u00f3 Suescun, quien agreg\u00f3: \u201cLos an\u00e1lisis que se hacen muestran a Rauch en un lugar privilegiado dentro de la provincia\u201d.<\/p>\n\n\n\n<p><br>En referencia al nuevo titular de la Estaci\u00f3n Comunal, el Intendente se\u00f1al\u00f3 que \u201cbuscamos un perfil que, m\u00e1s all\u00e1 de los \u00edndices y los datos duros, sea central en la seguridad perceptiva. Esto tiene que ver con c\u00f3mo nos sentimos: cuidados y seguros\u201d.<\/p>\n\n\n\n<p><br>Asimismo, destac\u00f3 el trabajo cotidiano del personal policial: \u201cDebemos estar orgullosos del trabajo que se hace desde el personal policial. Cuando hay alg\u00fan inconveniente, es raro que en el corto plazo no haya alg\u00fan tipo de resoluci\u00f3n. Ellos realizan una tarea muy importante\u201d.<\/p>\n\n\n\n<p><br>Por su parte, el flamante titular de la dependencia expres\u00f3 sus primeras palabras al asumir el cargo y sostuvo que \u201cuno viene a sumarse al equipo de la Comisar\u00eda, trabajando por un solo fin: que la gente se sienta acompa\u00f1ada por la Polic\u00eda y que los vecinos vivan con tranquilidad\u201d.<br>Sena tambi\u00e9n record\u00f3 que ya tuvo un paso por Rauch, cuando entre los a\u00f1os 2000 y 2001 se desempe\u00f1\u00f3 como Oficial de Servicio en la dependencia policial local.<\/p>\n\n\n\n<p><br>Finalmente, el Comisario Inspector Diego Lema realiz\u00f3 un balance de su gesti\u00f3n y manifest\u00f3 que \u201cestos casi dos a\u00f1os han sido positivos. Los hechos que hubo fueron resueltos positivamente\u201d. Adem\u00e1s, agradeci\u00f3 al Intendente Municipal y a la Subsecretaria de Protecci\u00f3n Ciudadana por el acompa\u00f1amiento recibido durante su gesti\u00f3n.<br>(Prensa Municipal)<\/p>\n","protected":false},"excerpt":{"rendered":"<p>Durante el mediod\u00eda de ayer, en la sede de la Polic\u00eda Comunal, se llev\u00f3 a cabo el acto de puesta en funciones del nuevo titular de la Estaci\u00f3n de Polic\u00eda Comunal de Rauch, Comisario Carlos Sena, quien reemplaza en el cargo al Comisario Inspector Diego Lema. El acto fue encabezado por el Comisario Mayor Ricardo [&hellip;]<\/p>\n","protected":false},"author":7,"featured_media":0,"comment_status":"open","ping_status":"open","sticky":false,"template":"","format":"standard","meta":{"jetpack_post_was_ever_published":false,"_jetpack_newsletter_access":"","_jetpack_dont_email_post_to_subs":false,"_jetpack_newsletter_tier_id":0,"_jetpack_memberships_contains_paywalled_content":false,"_jetpack_memberships_contains_paid_content":false,"footnotes":"","jetpack_publicize_message":"","jetpack_publicize_feature_enabled":true,"jetpack_social_post_already_shared":true,"jetpack_social_options":{"image_generator_settings":{"template":"highway","default_image_id":0,"enabled":false},"version":2}},"categories":[1],"tags":[],"class_list":["post-11577","post","type-post","status-publish","format-standard","hentry","category-nacionales"],"jetpack_publicize_connections":[],"jetpack_featured_media_url":"","jetpack_sharing_enabled":true,"jetpack_shortlink":"https:\/\/wp.me\/paQJuC-30J","_links":{"self":[{"href":"https:\/\/vocesdellangueyu.com.ar\/index.php\/wp-json\/wp\/v2\/posts\/11577","targetHints":{"allow":["GET"]}}],"collection":[{"href":"https:\/\/vocesdellangueyu.com.ar\/index.php\/wp-json\/wp\/v2\/posts"}],"about":[{"href":"https:\/\/vocesdellangueyu.com.ar\/index.php\/wp-json\/wp\/v2\/types\/post"}],"author":[{"embeddable":true,"href":"https:\/\/vocesdellangueyu.com.ar\/index.php\/wp-json\/wp\/v2\/users\/7"}],"replies":[{"embeddable":true,"href":"https:\/\/vocesdellangueyu.com.ar\/index.php\/wp-json\/wp\/v2\/comments?post=11577"}],"version-history":[{"count":1,"href":"https:\/\/vocesdellangueyu.com.ar\/index.php\/wp-json\/wp\/v2\/posts\/11577\/revisions"}],"predecessor-version":[{"id":11579,"href":"https:\/\/vocesdellangueyu.com.ar\/index.php\/wp-json\/wp\/v2\/posts\/11577\/revisions\/11579"}],"wp:attachment":[{"href":"https:\/\/vocesdellangueyu.com.ar\/index.php\/wp-json\/wp\/v2\/media?parent=11577"}],"wp:term":[{"taxonomy":"category","embeddable":true,"href":"https:\/\/vocesdellangueyu.com.ar\/index.php\/wp-json\/wp\/v2\/categories?post=11577"},{"taxonomy":"post_tag","embeddable":true,"href":"https:\/\/vocesdellangueyu.com.ar\/index.php\/wp-json\/wp\/v2\/tags?post=11577"}],"curies":[{"name":"wp","href":"https:\/\/api.w.org\/{rel}","templated":true}]}}