{"id":11580,"date":"2026-09-04T10:46:01","date_gmt":"2026-09-04T13:46:01","guid":{"rendered":"https:\/\/vocesdellangueyu.com.ar\/?p=11580"},"modified":"2026-09-04T10:46:01","modified_gmt":"2026-09-04T13:46:01","slug":"dia-de-las-infancias-2026-como-estuvo-el-comercio-de-rauch","status":"publish","type":"post","link":"https:\/\/vocesdellangueyu.com.ar\/index.php\/2026\/09\/04\/dia-de-las-infancias-2026-como-estuvo-el-comercio-de-rauch\/","title":{"rendered":"D\u00cdA DE LAS INFANCIAS 2026: \u00bfC\u00d3MO ESTUVO EL COMERCIO DE RAUCH?"},"content":{"rendered":"\n<p>La C\u00e1mara Comercial de Rauch junto a la UNICEN realiz\u00f3 un relevamiento entre comercios locales para conocer c\u00f3mo funcion\u00f3 la fecha comercial. Los resultados muestran que el movimiento se concentr\u00f3 principalmente en los rubros vinculados a las infancias, aunque con menor poder de compra: casi la mitad de los comercios vendi\u00f3 menos unidades que el a\u00f1o pasado y pr\u00e1cticamente ninguno logr\u00f3 superar la inflaci\u00f3n. Tambi\u00e9n se observa un cambio en el comportamiento de los consumidores, que comparan m\u00e1s, buscan opciones econ\u00f3micas, compran a \u00faltimo momento y aprovechan promociones y financiaci\u00f3n.<\/p>\n\n\n\n<p>Informe completo:<\/p>\n\n\n\n<figure class=\"wp-block-embed is-type-wp-embed is-provider-c-mara-comercial wp-block-embed-c-mara-comercial\"><div class=\"wp-block-embed__wrapper\">\n<blockquote class=\"wp-embedded-content\" data-secret=\"7aVRT5oi6C\"><a href=\"https:\/\/camaracomerciorauch.com.ar\/2026\/09\/03\/el-dia-de-las-infancias-2026-en-el-comercio-de-rauch\/\">El D\u00eda de las Infancias 2026 en el comercio de Rauch<\/a><\/blockquote><iframe loading=\"lazy\" class=\"wp-embedded-content\" sandbox=\"allow-scripts\" security=\"restricted\" style=\"position: absolute; visibility: hidden;\" title=\"\u00abEl D\u00eda de las Infancias 2026 en el comercio de Rauch\u00bb \u2014 C\u00e1mara Comercial\" src=\"https:\/\/camaracomerciorauch.com.ar\/2026\/09\/03\/el-dia-de-las-infancias-2026-en-el-comercio-de-rauch\/embed\/#?secret=5mN6a6joNZ#?secret=7aVRT5oi6C\" data-secret=\"7aVRT5oi6C\" width=\"500\" height=\"282\" frameborder=\"0\" marginwidth=\"0\" marginheight=\"0\" scrolling=\"no\"><\/iframe>\n<\/div><\/figure>\n","protected":false},"excerpt":{"rendered":"<p>La C\u00e1mara Comercial de Rauch junto a la UNICEN realiz\u00f3 un relevamiento entre comercios locales para conocer c\u00f3mo funcion\u00f3 la fecha comercial. Los resultados muestran que el movimiento se concentr\u00f3 principalmente en los rubros vinculados a las infancias, aunque con menor poder de compra: casi la mitad de los comercios vendi\u00f3 menos unidades que el [&hellip;]<\/p>\n","protected":false},"author":7,"featured_media":0,"comment_status":"open","ping_status":"open","sticky":false,"template":"","format":"standard","meta":{"jetpack_post_was_ever_published":false,"_jetpack_newsletter_access":"","_jetpack_dont_email_post_to_subs":false,"_jetpack_newsletter_tier_id":0,"_jetpack_memberships_contains_paywalled_content":false,"_jetpack_memberships_contains_paid_content":false,"footnotes":"","jetpack_publicize_message":"","jetpack_publicize_feature_enabled":true,"jetpack_social_post_already_shared":true,"jetpack_social_options":{"image_generator_settings":{"template":"highway","default_image_id":0,"enabled":false},"version":2}},"categories":[1],"tags":[],"class_list":["post-11580","post","type-post","status-publish","format-standard","hentry","category-nacionales"],"jetpack_publicize_connections":[],"jetpack_featured_media_url":"","jetpack_sharing_enabled":true,"jetpack_shortlink":"https:\/\/wp.me\/paQJuC-30M","_links":{"self":[{"href":"https:\/\/vocesdellangueyu.com.ar\/index.php\/wp-json\/wp\/v2\/posts\/11580","targetHints":{"allow":["GET"]}}],"collection":[{"href":"https:\/\/vocesdellangueyu.com.ar\/index.php\/wp-json\/wp\/v2\/posts"}],"about":[{"href":"https:\/\/vocesdellangueyu.com.ar\/index.php\/wp-json\/wp\/v2\/types\/post"}],"author":[{"embeddable":true,"href":"https:\/\/vocesdellangueyu.com.ar\/index.php\/wp-json\/wp\/v2\/users\/7"}],"replies":[{"embeddable":true,"href":"https:\/\/vocesdellangueyu.com.ar\/index.php\/wp-json\/wp\/v2\/comments?post=11580"}],"version-history":[{"count":1,"href":"https:\/\/vocesdellangueyu.com.ar\/index.php\/wp-json\/wp\/v2\/posts\/11580\/revisions"}],"predecessor-version":[{"id":11581,"href":"https:\/\/vocesdellangueyu.com.ar\/index.php\/wp-json\/wp\/v2\/posts\/11580\/revisions\/11581"}],"wp:attachment":[{"href":"https:\/\/vocesdellangueyu.com.ar\/index.php\/wp-json\/wp\/v2\/media?parent=11580"}],"wp:term":[{"taxonomy":"category","embeddable":true,"href":"https:\/\/vocesdellangueyu.com.ar\/index.php\/wp-json\/wp\/v2\/categories?post=11580"},{"taxonomy":"post_tag","embeddable":true,"href":"https:\/\/vocesdellangueyu.com.ar\/index.php\/wp-json\/wp\/v2\/tags?post=11580"}],"curies":[{"name":"wp","href":"https:\/\/api.w.org\/{rel}","templated":true}]}}